{"id":21500,"date":"2025-07-11T11:57:49","date_gmt":"2025-07-11T15:57:49","guid":{"rendered":"https:\/\/prensapresidencialvenezuela.gob.ve\/?p=21500"},"modified":"2025-07-11T11:57:50","modified_gmt":"2025-07-11T15:57:50","slug":"presidente-maduro-visita-catedral-de-merida-en-un-encuentro-de-dialogo-y-patrimonio-cultural","status":"publish","type":"post","link":"https:\/\/prensapresidencialvenezuela.gob.ve\/index.php\/2025\/07\/11\/presidente-maduro-visita-catedral-de-merida-en-un-encuentro-de-dialogo-y-patrimonio-cultural\/","title":{"rendered":"Presidente Maduro visita Catedral de M\u00e9rida en un encuentro de di\u00e1logo y patrimonio cultural\u00a0"},"content":{"rendered":"\n<p><strong>Estado M\u00e9rida.<\/strong> &#8211; El presidente de la Rep\u00fablica Bolivariana de Venezuela, Nicol\u00e1s Maduro, junto a la Primera Dama de la Rep\u00fablica, Cilia Flores, y miembros de su gabinete, realiz\u00f3 una visita significativa a la Catedral y Museo Arquidiocesano de M\u00e9rida, en el marco de su recorrido por la regi\u00f3n andina tras el lanzamiento de la Gran Misi\u00f3n Madre Tierra Venezuela.&nbsp;<\/p>\n\n\n\n<figure class=\"wp-block-image size-large\"><img fetchpriority=\"high\" decoding=\"async\" width=\"1024\" height=\"683\" src=\"https:\/\/prensapresidencialvenezuela.gob.ve\/wp-content\/uploads\/2025\/07\/1752197110824-1024x683.jpg\" alt=\"\" class=\"wp-image-21502\" srcset=\"https:\/\/prensapresidencialvenezuela.gob.ve\/wp-content\/uploads\/2025\/07\/1752197110824-1024x683.jpg 1024w, https:\/\/prensapresidencialvenezuela.gob.ve\/wp-content\/uploads\/2025\/07\/1752197110824-300x200.jpg 300w, https:\/\/prensapresidencialvenezuela.gob.ve\/wp-content\/uploads\/2025\/07\/1752197110824-768x512.jpg 768w, https:\/\/prensapresidencialvenezuela.gob.ve\/wp-content\/uploads\/2025\/07\/1752197110824-1536x1024.jpg 1536w, https:\/\/prensapresidencialvenezuela.gob.ve\/wp-content\/uploads\/2025\/07\/1752197110824-2048x1365.jpg 2048w\" sizes=\"(max-width: 1024px) 100vw, 1024px\" \/><\/figure>\n\n\n\n<p>El arzobispo de M\u00e9rida, monse\u00f1or Helizandro Ter\u00e1n Berm\u00fadez, recibi\u00f3 con calidez al mandatario y su comitiva, destacando la importancia de este encuentro como un puente entre la fe, la cultura y el compromiso social. Durante la visita, Maduro conoci\u00f3 el patrimonio hist\u00f3rico-religioso que alberga el Museo Arquidiocesano \u00abAntonio Ram\u00f3n Silva Garc\u00eda\u00bb, uno de los m\u00e1s emblem\u00e1ticos del pa\u00eds por su riqueza art\u00edstica y espiritual.&nbsp;<\/p>\n\n\n\n<p><strong>Un espacio de memoria y fe&nbsp;<\/strong><\/p>\n\n\n\n<h2 class=\"wp-block-heading\">El museo, custodiado por la Arquidi\u00f3cesis de M\u00e9rida, cuenta con tres salas que guardan tesoros invaluables:&nbsp;<\/h2>\n\n\n\n<p>&#8211; Campanas hist\u00f3ricas, como la Ave Mar\u00eda y San Pedro, donde destaca una campana del a\u00f1o 909 d.C., considerada la segunda m\u00e1s antigua del mundo en conservaci\u00f3n.&nbsp;<\/p>\n\n\n\n<p>&#8211; Objetos lit\u00fargicos que narran siglos de devoci\u00f3n popular.&nbsp;<\/p>\n\n\n\n<p>&#8211; La momia de una joven ind\u00edgena, testimonio de los primeros habitantes de la Sierra Nevada, s\u00edmbolo de las ra\u00edces ancestrales de Venezuela.&nbsp;<\/p>\n\n\n\n<figure class=\"wp-block-gallery has-nested-images columns-default is-cropped wp-block-gallery-1 is-layout-flex wp-block-gallery-is-layout-flex\">\n<figure class=\"wp-block-image size-large\"><img decoding=\"async\" width=\"1024\" height=\"683\" data-id=\"21504\" src=\"https:\/\/prensapresidencialvenezuela.gob.ve\/wp-content\/uploads\/2025\/07\/1752197236950-1024x683.jpg\" alt=\"\" class=\"wp-image-21504\" srcset=\"https:\/\/prensapresidencialvenezuela.gob.ve\/wp-content\/uploads\/2025\/07\/1752197236950-1024x683.jpg 1024w, https:\/\/prensapresidencialvenezuela.gob.ve\/wp-content\/uploads\/2025\/07\/1752197236950-300x200.jpg 300w, https:\/\/prensapresidencialvenezuela.gob.ve\/wp-content\/uploads\/2025\/07\/1752197236950-768x512.jpg 768w, https:\/\/prensapresidencialvenezuela.gob.ve\/wp-content\/uploads\/2025\/07\/1752197236950-1536x1024.jpg 1536w, https:\/\/prensapresidencialvenezuela.gob.ve\/wp-content\/uploads\/2025\/07\/1752197236950-2048x1365.jpg 2048w\" sizes=\"(max-width: 1024px) 100vw, 1024px\" \/><\/figure>\n\n\n\n<figure class=\"wp-block-image size-large\"><img decoding=\"async\" width=\"819\" height=\"1024\" data-id=\"21505\" src=\"https:\/\/prensapresidencialvenezuela.gob.ve\/wp-content\/uploads\/2025\/07\/1752197236964-819x1024.jpg\" alt=\"\" class=\"wp-image-21505\" srcset=\"https:\/\/prensapresidencialvenezuela.gob.ve\/wp-content\/uploads\/2025\/07\/1752197236964-819x1024.jpg 819w, https:\/\/prensapresidencialvenezuela.gob.ve\/wp-content\/uploads\/2025\/07\/1752197236964-240x300.jpg 240w, https:\/\/prensapresidencialvenezuela.gob.ve\/wp-content\/uploads\/2025\/07\/1752197236964-768x960.jpg 768w, https:\/\/prensapresidencialvenezuela.gob.ve\/wp-content\/uploads\/2025\/07\/1752197236964-1229x1536.jpg 1229w, https:\/\/prensapresidencialvenezuela.gob.ve\/wp-content\/uploads\/2025\/07\/1752197236964-1639x2048.jpg 1639w, https:\/\/prensapresidencialvenezuela.gob.ve\/wp-content\/uploads\/2025\/07\/1752197236964-scaled.jpg 2048w\" sizes=\"(max-width: 819px) 100vw, 819px\" \/><\/figure>\n\n\n\n<figure class=\"wp-block-image size-large\"><img loading=\"lazy\" decoding=\"async\" width=\"1024\" height=\"683\" data-id=\"21503\" src=\"https:\/\/prensapresidencialvenezuela.gob.ve\/wp-content\/uploads\/2025\/07\/1752197110830-1024x683.jpg\" alt=\"\" class=\"wp-image-21503\" srcset=\"https:\/\/prensapresidencialvenezuela.gob.ve\/wp-content\/uploads\/2025\/07\/1752197110830-1024x683.jpg 1024w, https:\/\/prensapresidencialvenezuela.gob.ve\/wp-content\/uploads\/2025\/07\/1752197110830-300x200.jpg 300w, https:\/\/prensapresidencialvenezuela.gob.ve\/wp-content\/uploads\/2025\/07\/1752197110830-768x512.jpg 768w, https:\/\/prensapresidencialvenezuela.gob.ve\/wp-content\/uploads\/2025\/07\/1752197110830-1536x1024.jpg 1536w, https:\/\/prensapresidencialvenezuela.gob.ve\/wp-content\/uploads\/2025\/07\/1752197110830-2048x1365.jpg 2048w\" sizes=\"(max-width: 1024px) 100vw, 1024px\" \/><\/figure>\n<\/figure>\n\n\n\n<p><strong>Un di\u00e1logo necesario&nbsp;<\/strong><\/p>\n\n\n\n<p>La visita del presidente Maduro refuerza el esp\u00edritu de encuentro entre el Estado y la Iglesia, en un momento donde la defensa de la vida, la justicia social y el cuidado de la casa com\u00fan \u2014como lo plante\u00f3 el Papa Francisco\u2014 son ejes fundamentales. El arzobispo Ter\u00e1n reiter\u00f3 el compromiso de la Iglesia con la paz y el bienestar del pueblo venezolano, mientras el mandatario reconoci\u00f3 el legado cultural y espiritual que preserva la Arquidi\u00f3cesis.&nbsp;<\/p>\n\n\n\n<p>Este acto, m\u00e1s all\u00e1 del protocolo, refleja la confluencia entre identidad hist\u00f3rica y transformaci\u00f3n social, valores que tanto el Gobierno Bolivariano como la Iglesia Cat\u00f3lica promueven desde sus respectivos roles.&nbsp;<\/p>\n\n\n\n<p><strong>Prensa Presidencial\/ Luis Tavera<\/strong><\/p>\n","protected":false},"excerpt":{"rendered":"<p>Estado M\u00e9rida. &#8211; El presidente de la Rep\u00fablica Bolivariana de Venezuela, Nicol\u00e1s Maduro, junto a la Primera Dama de la Rep\u00fablica, Cilia Flores, y miembros de su gabinete, realiz\u00f3 una visita significativa a la Catedral y Museo Arquidiocesano de M\u00e9rida, en el marco de su recorrido por la regi\u00f3n andina tras el lanzamiento de la [&hellip;]<\/p>\n","protected":false},"author":1,"featured_media":21501,"comment_status":"open","ping_status":"open","sticky":false,"template":"","format":"standard","meta":{"footnotes":""},"categories":[18,7],"tags":[],"class_list":["post-21500","post","type-post","status-publish","format-standard","has-post-thumbnail","hentry","category-noticias-principales","category-notas-de-prensa"],"_links":{"self":[{"href":"https:\/\/prensapresidencialvenezuela.gob.ve\/index.php\/wp-json\/wp\/v2\/posts\/21500","targetHints":{"allow":["GET"]}}],"collection":[{"href":"https:\/\/prensapresidencialvenezuela.gob.ve\/index.php\/wp-json\/wp\/v2\/posts"}],"about":[{"href":"https:\/\/prensapresidencialvenezuela.gob.ve\/index.php\/wp-json\/wp\/v2\/types\/post"}],"author":[{"embeddable":true,"href":"https:\/\/prensapresidencialvenezuela.gob.ve\/index.php\/wp-json\/wp\/v2\/users\/1"}],"replies":[{"embeddable":true,"href":"https:\/\/prensapresidencialvenezuela.gob.ve\/index.php\/wp-json\/wp\/v2\/comments?post=21500"}],"version-history":[{"count":1,"href":"https:\/\/prensapresidencialvenezuela.gob.ve\/index.php\/wp-json\/wp\/v2\/posts\/21500\/revisions"}],"predecessor-version":[{"id":21506,"href":"https:\/\/prensapresidencialvenezuela.gob.ve\/index.php\/wp-json\/wp\/v2\/posts\/21500\/revisions\/21506"}],"wp:featuredmedia":[{"embeddable":true,"href":"https:\/\/prensapresidencialvenezuela.gob.ve\/index.php\/wp-json\/wp\/v2\/media\/21501"}],"wp:attachment":[{"href":"https:\/\/prensapresidencialvenezuela.gob.ve\/index.php\/wp-json\/wp\/v2\/media?parent=21500"}],"wp:term":[{"taxonomy":"category","embeddable":true,"href":"https:\/\/prensapresidencialvenezuela.gob.ve\/index.php\/wp-json\/wp\/v2\/categories?post=21500"},{"taxonomy":"post_tag","embeddable":true,"href":"https:\/\/prensapresidencialvenezuela.gob.ve\/index.php\/wp-json\/wp\/v2\/tags?post=21500"}],"curies":[{"name":"wp","href":"https:\/\/api.w.org\/{rel}","templated":true}]}}