{"id":21507,"date":"2025-07-11T13:16:18","date_gmt":"2025-07-11T17:16:18","guid":{"rendered":"https:\/\/prensapresidencialvenezuela.gob.ve\/?p=21507"},"modified":"2025-07-11T13:16:19","modified_gmt":"2025-07-11T17:16:19","slug":"conmaduroenlavia-estado-merida-cuenta-con-un-pueblo-organizado-y-empoderado","status":"publish","type":"post","link":"https:\/\/prensapresidencialvenezuela.gob.ve\/index.php\/2025\/07\/11\/conmaduroenlavia-estado-merida-cuenta-con-un-pueblo-organizado-y-empoderado\/","title":{"rendered":"#ConMaduroEnLaV\u00eda: \u00abEstado M\u00e9rida cuenta con un pueblo organizado y empoderado\u00bb"},"content":{"rendered":"\n<p><strong> As\u00ed lo manifest\u00f3 el presidente Nicol\u00e1s Maduro durante el recorrido que realiz\u00f3 por las v\u00edas afectadas en la entidad andina.<\/strong><\/p>\n\n\n\n<p><strong>Estado M\u00e9rida. &#8211;<\/strong> Antes de su llegada a la presentaci\u00f3n de la Gran Misi\u00f3n de Nueva Generaci\u00f3n Madre Tierra, el presidente de la Rep\u00fablica Bolivariana de Venezuela, Nicol\u00e1s Maduro Moros, realiz\u00f3 un recorrido por los lugares afectados en la Regi\u00f3n de Los Andes, con la finalidad de verificar la magnitud de los da\u00f1os generados por las fuertes lluvias.<\/p>\n\n\n\n<p>El jefe de Estado suministr\u00f3 esta informaci\u00f3n durante una nueva edici\u00f3n de su segmento Con Maduro en la V\u00eda, en el cual enfatiz\u00f3 que la entidad meride\u00f1a cuenta 82 Frentes de Trabajo, que se han creado con la finalidad de atender las emergencias generadas el 24 y 25 de junio.<\/p>\n\n\n\n<p>En este orden de ideas, el Dignatario enfatiz\u00f3 que en las v\u00edas afectadas en la entidad ya se tiene el 100% del acceso, y es un logro que se ha tenido a trav\u00e9s de la organizaci\u00f3n popular y la uni\u00f3n c\u00edvico, militar, policial; por este motivo, resalt\u00f3 que \u00abel estado M\u00e9rida cuenta con un pueblo organizado y empoderado\u00bb.<\/p>\n\n\n\n<p>Al mismo tiempo, se\u00f1al\u00f3 que se tiene que hacer todos los cambios estructurales necesarios en cuanto al tema de la canalizaci\u00f3n de las v\u00edas, y de esta manera evitar que se vuelva a repetir la situaci\u00f3n de desplazamiento de terrenos e inundaciones.<\/p>\n\n\n\n<p>En este contexto, el Presidente record\u00f3 la tragedia de Cumanacoa donde se logr\u00f3 restablecer la tranquilidad y estabilidad, gracias al trabajo en conjunto entre el Gobierno Bolivariano y el Poder Popular.<\/p>\n\n\n\n<h2 class=\"wp-block-heading\"><strong>Frentes de Trabajo en M\u00e9rida<\/strong><\/h2>\n\n\n\n<p>En este \u00e1mbito, el vicepresidente Sectorial de Obras P\u00fablicas y Servicios, Jorge M\u00e1rquez, destac\u00f3 que los Frentes de Trabajo de la regi\u00f3n andina se han mantenido activos desde el pasado 24 de junio cuando comenz\u00f3 a desarrollarse fuertes precipitaciones por m\u00e1s de 12 horas continuas.<\/p>\n\n\n\n<p>Asimismo, acot\u00f3 que la poblaci\u00f3n \u00abLas Gonz\u00e1lez\u00bb fue una de las perjudicadas por los chubascos del 24, 25 de junio; adem\u00e1s de otras zonas que estuvieron bajo altas precipitaciones por 300% de lluvias, debido a tres fen\u00f3menos naturales que se han formado en estos d\u00edas.<\/p>\n\n\n\n<p>Aunado a ello, el tambi\u00e9n ministro del Poder Popular para la Energ\u00eda El\u00e9ctrica, dijo que durante estos d\u00edas se realiz\u00f3 un abastecimiento log\u00edstico, se restablecieron los servicios p\u00fablicos, se efectu\u00f3 traslado de alimentos; y adicionalmente, se cont\u00f3 con el apoyo de motorizados que prestaron el apoyo para la evacuaci\u00f3n de adultos mayores y otros habitantes de zonas afectadas.<\/p>\n\n\n\n<p>Por su parte, la primera combatiente Cilia Flores, subray\u00f3 que Gobierno Nacional siempre est\u00e1 preparado para atender las situaciones que afecten al pueblo; porque \u00ablo material e infraestructuras se recuperan\u00bb.<\/p>\n\n\n\n<p><strong>Prensa Presidencial\/ Irmary D\u00edaz<\/strong><\/p>\n","protected":false},"excerpt":{"rendered":"<p>As\u00ed lo manifest\u00f3 el presidente Nicol\u00e1s Maduro durante el recorrido que realiz\u00f3 por las v\u00edas afectadas en la entidad andina. Estado M\u00e9rida. &#8211; Antes de su llegada a la presentaci\u00f3n de la Gran Misi\u00f3n de Nueva Generaci\u00f3n Madre Tierra, el presidente de la Rep\u00fablica Bolivariana de Venezuela, Nicol\u00e1s Maduro Moros, realiz\u00f3 un recorrido por los [&hellip;]<\/p>\n","protected":false},"author":1,"featured_media":21508,"comment_status":"open","ping_status":"open","sticky":false,"template":"","format":"standard","meta":{"footnotes":""},"categories":[18,7],"tags":[],"class_list":["post-21507","post","type-post","status-publish","format-standard","has-post-thumbnail","hentry","category-noticias-principales","category-notas-de-prensa"],"_links":{"self":[{"href":"https:\/\/prensapresidencialvenezuela.gob.ve\/index.php\/wp-json\/wp\/v2\/posts\/21507","targetHints":{"allow":["GET"]}}],"collection":[{"href":"https:\/\/prensapresidencialvenezuela.gob.ve\/index.php\/wp-json\/wp\/v2\/posts"}],"about":[{"href":"https:\/\/prensapresidencialvenezuela.gob.ve\/index.php\/wp-json\/wp\/v2\/types\/post"}],"author":[{"embeddable":true,"href":"https:\/\/prensapresidencialvenezuela.gob.ve\/index.php\/wp-json\/wp\/v2\/users\/1"}],"replies":[{"embeddable":true,"href":"https:\/\/prensapresidencialvenezuela.gob.ve\/index.php\/wp-json\/wp\/v2\/comments?post=21507"}],"version-history":[{"count":1,"href":"https:\/\/prensapresidencialvenezuela.gob.ve\/index.php\/wp-json\/wp\/v2\/posts\/21507\/revisions"}],"predecessor-version":[{"id":21509,"href":"https:\/\/prensapresidencialvenezuela.gob.ve\/index.php\/wp-json\/wp\/v2\/posts\/21507\/revisions\/21509"}],"wp:featuredmedia":[{"embeddable":true,"href":"https:\/\/prensapresidencialvenezuela.gob.ve\/index.php\/wp-json\/wp\/v2\/media\/21508"}],"wp:attachment":[{"href":"https:\/\/prensapresidencialvenezuela.gob.ve\/index.php\/wp-json\/wp\/v2\/media?parent=21507"}],"wp:term":[{"taxonomy":"category","embeddable":true,"href":"https:\/\/prensapresidencialvenezuela.gob.ve\/index.php\/wp-json\/wp\/v2\/categories?post=21507"},{"taxonomy":"post_tag","embeddable":true,"href":"https:\/\/prensapresidencialvenezuela.gob.ve\/index.php\/wp-json\/wp\/v2\/tags?post=21507"}],"curies":[{"name":"wp","href":"https:\/\/api.w.org\/{rel}","templated":true}]}}