{"id":21510,"date":"2025-07-11T13:29:41","date_gmt":"2025-07-11T17:29:41","guid":{"rendered":"https:\/\/prensapresidencialvenezuela.gob.ve\/?p=21510"},"modified":"2025-07-11T13:29:42","modified_gmt":"2025-07-11T17:29:42","slug":"merida-la-fuerza-del-pueblo-organizado-legado-de-bolivar-se-refleja-en-la-revolucion","status":"publish","type":"post","link":"https:\/\/prensapresidencialvenezuela.gob.ve\/index.php\/2025\/07\/11\/merida-la-fuerza-del-pueblo-organizado-legado-de-bolivar-se-refleja-en-la-revolucion\/","title":{"rendered":"M\u00e9rida: La fuerza del pueblo organizado, legado de Bol\u00edvar, se refleja en la Revoluci\u00f3n"},"content":{"rendered":"\n<p><strong>El presidente Nicol\u00e1s Maduro destac\u00f3 el poder del pueblo meride\u00f1o, heredero de la historia libertadora de Sim\u00f3n Bol\u00edvar, durante una nueva edici\u00f3n de #ConMaduroEnLaV\u00eda.\u00a0<\/strong><\/p>\n\n\n\n<p><strong>Estado M\u00e9rida. &#8211;<\/strong> El presidente de la Rep\u00fablica Bolivariana de Venezuela, Nicol\u00e1s Maduro, acompa\u00f1ado por la Primera Combatiente, Cilia Flores, realiz\u00f3 un recorrido por el estado M\u00e9rida en el marco de su programa multiplataforma Con Maduro En La V\u00eda. Durante el encuentro, el Mandatario Nacional dialog\u00f3 con el gobernador Arnaldo S\u00e1nchez y el vicepresidente sectorial de Obras P\u00fablicas y Servicios, Jorge M\u00e1rquez, sobre los avances en la atenci\u00f3n a las comunidades y la reconstrucci\u00f3n de v\u00edas.&nbsp;<\/p>\n\n\n\n<p>En su traves\u00eda, el presidente Maduro record\u00f3 c\u00f3mo el pueblo organizado demostr\u00f3 su capacidad de respuesta ante las adversidades, destacando la labor de los motorizados revolucionarios.&nbsp;<\/p>\n\n\n\n<blockquote class=\"wp-block-quote is-layout-flow wp-block-quote-is-layout-flow\">\n<p>\u00abYo vi subiendo los p\u00e1ramos, subiendo las monta\u00f1as, los motorizados que algunos sectores politiqueros trataron de utilizar, y decir que eran los extremistas de derecha que hab\u00edan salido a las calles a ayudar al pueblo. Pero era la Revoluci\u00f3n cristiana y bolivariana con su pueblo, sus motorizados ayudando, apoyando, solidarios como siempre somos, llevando el alimento, la medicina, salvando vidas, reconstruyendo. Fue muy bonito\u00bb, expres\u00f3 el Jefe de Estado.&nbsp;<\/p>\n<\/blockquote>\n\n\n\n<h2 class=\"wp-block-heading\"><strong>Tierra hist\u00f3rica que forj\u00f3 el t\u00edtulo de Libertador<\/strong><\/h2>\n\n\n\n<p>Al recorrer los imponentes Andes, el Dignatario evoc\u00f3 el paso del Ej\u00e9rcito Libertador en 1813, cuando Sim\u00f3n Bol\u00edvar recibi\u00f3 por primera vez el t\u00edtulo de Libertador en tierras meride\u00f1as.&nbsp;<\/p>\n\n\n\n<blockquote class=\"wp-block-quote is-layout-flow wp-block-quote-is-layout-flow\">\n<p>\u00abBol\u00edvar hab\u00eda libertado ya por primera vez a Nueva Granada, pidi\u00f3 el apoyo, le dieron todo el apoyo y se trajo un ej\u00e9rcito. Entr\u00f3 por C\u00facuta, despu\u00e9s se vio por lo que hoy es T\u00e1chira, La Grita, vino a Bailadores, y cuando entr\u00f3 a M\u00e9rida, el pueblo sali\u00f3 a las calles y le gritaban: \u00a1Libertador, Libertador! Fue la primera vez que le dijeron a Bol\u00edvar Libertador, aqu\u00ed en M\u00e9rida\u00bb, rememor\u00f3 Maduro.&nbsp;<\/p>\n<\/blockquote>\n\n\n\n<p>El Mandatario resalt\u00f3 el simbolismo de ese momento hist\u00f3rico, que marc\u00f3 el destino de Am\u00e9rica:&nbsp;<\/p>\n\n\n\n<h2 class=\"wp-block-heading alignwide\">\u00ab\u00bfQui\u00e9n sabe qu\u00e9 fuera la mujer campesina que grit\u00f3 la primera vez para decirle a Bol\u00edvar Libertador? Fue el pueblo que le puso a Bol\u00edvar, y luego se convirti\u00f3 en el gran Libertador de Am\u00e9rica, hasta el d\u00eda de hoy. Libertador por siempre. Esta es la historia gloriosa que est\u00e1 viva. Por eso somos lo que somos y seremos lo que somos\u00bb, enfatiz\u00f3.&nbsp;<\/h2>\n\n\n\n<p><strong>Avances en infraestructura y producci\u00f3n agr\u00edcola<\/strong><\/p>\n\n\n\n<p>Por su parte, el vicepresidente sectorial de Obras P\u00fablicas y Servicios, Jorge M\u00e1rquez, inform\u00f3 sobre la culminaci\u00f3n de la primera fase de operaciones en 82 frentes de trabajo en M\u00e9rida, lo que permiti\u00f3 restablecer el tr\u00e1nsito vehicular y garantizar la comercializaci\u00f3n de los productos agr\u00edcolas de la regi\u00f3n.&nbsp;<\/p>\n\n\n\n<p>El recorrido del jefe de Estado por M\u00e9rida reafirm\u00f3 el esp\u00edritu combatiente de su pueblo, heredero de la gesta bolivariana, y demostr\u00f3 c\u00f3mo la organizaci\u00f3n popular sigue siendo pilar fundamental para superar desaf\u00edos y construir el futuro de la Patria.&nbsp;<\/p>\n\n\n\n<p><strong>Prensa Presidencial\/ Luis Tavera<\/strong><\/p>\n","protected":false},"excerpt":{"rendered":"<p>El presidente Nicol\u00e1s Maduro destac\u00f3 el poder del pueblo meride\u00f1o, heredero de la historia libertadora de Sim\u00f3n Bol\u00edvar, durante una nueva edici\u00f3n de #ConMaduroEnLaV\u00eda.\u00a0 Estado M\u00e9rida. &#8211; El presidente de la Rep\u00fablica Bolivariana de Venezuela, Nicol\u00e1s Maduro, acompa\u00f1ado por la Primera Combatiente, Cilia Flores, realiz\u00f3 un recorrido por el estado M\u00e9rida en el marco de [&hellip;]<\/p>\n","protected":false},"author":1,"featured_media":21511,"comment_status":"open","ping_status":"open","sticky":false,"template":"","format":"standard","meta":{"footnotes":""},"categories":[18,7],"tags":[],"class_list":["post-21510","post","type-post","status-publish","format-standard","has-post-thumbnail","hentry","category-noticias-principales","category-notas-de-prensa"],"_links":{"self":[{"href":"https:\/\/prensapresidencialvenezuela.gob.ve\/index.php\/wp-json\/wp\/v2\/posts\/21510","targetHints":{"allow":["GET"]}}],"collection":[{"href":"https:\/\/prensapresidencialvenezuela.gob.ve\/index.php\/wp-json\/wp\/v2\/posts"}],"about":[{"href":"https:\/\/prensapresidencialvenezuela.gob.ve\/index.php\/wp-json\/wp\/v2\/types\/post"}],"author":[{"embeddable":true,"href":"https:\/\/prensapresidencialvenezuela.gob.ve\/index.php\/wp-json\/wp\/v2\/users\/1"}],"replies":[{"embeddable":true,"href":"https:\/\/prensapresidencialvenezuela.gob.ve\/index.php\/wp-json\/wp\/v2\/comments?post=21510"}],"version-history":[{"count":1,"href":"https:\/\/prensapresidencialvenezuela.gob.ve\/index.php\/wp-json\/wp\/v2\/posts\/21510\/revisions"}],"predecessor-version":[{"id":21512,"href":"https:\/\/prensapresidencialvenezuela.gob.ve\/index.php\/wp-json\/wp\/v2\/posts\/21510\/revisions\/21512"}],"wp:featuredmedia":[{"embeddable":true,"href":"https:\/\/prensapresidencialvenezuela.gob.ve\/index.php\/wp-json\/wp\/v2\/media\/21511"}],"wp:attachment":[{"href":"https:\/\/prensapresidencialvenezuela.gob.ve\/index.php\/wp-json\/wp\/v2\/media?parent=21510"}],"wp:term":[{"taxonomy":"category","embeddable":true,"href":"https:\/\/prensapresidencialvenezuela.gob.ve\/index.php\/wp-json\/wp\/v2\/categories?post=21510"},{"taxonomy":"post_tag","embeddable":true,"href":"https:\/\/prensapresidencialvenezuela.gob.ve\/index.php\/wp-json\/wp\/v2\/tags?post=21510"}],"curies":[{"name":"wp","href":"https:\/\/api.w.org\/{rel}","templated":true}]}}