{"id":21513,"date":"2025-07-11T16:04:45","date_gmt":"2025-07-11T20:04:45","guid":{"rendered":"https:\/\/prensapresidencialvenezuela.gob.ve\/?p=21513"},"modified":"2025-07-11T16:06:24","modified_gmt":"2025-07-11T20:06:24","slug":"presidente-maduro-pide-acciones-concretas-para-el-rescate-de-los-31-ninos-venezolanos-secuestrados-por-ee-uu","status":"publish","type":"post","link":"https:\/\/prensapresidencialvenezuela.gob.ve\/index.php\/2025\/07\/11\/presidente-maduro-pide-acciones-concretas-para-el-rescate-de-los-31-ninos-venezolanos-secuestrados-por-ee-uu\/","title":{"rendered":"Presidente Maduro pide acciones concretas para el rescate de los 31 ni\u00f1os venezolanos secuestrados por EE.UU."},"content":{"rendered":"\n<p><strong>Palacio de Miraflores, Caracas.-<\/strong> El presidente de la Rep\u00fablica Bolivariana de Venezuela, Nicol\u00e1s Maduro, reiter\u00f3 este viernes su llamado a la liberaci\u00f3n de los 31 ni\u00f1os venezolanos que se encuentran secuestrados por el Gobierno de los Estados Unidos (EE.UU.), sum\u00e1ndose a la demanda de sus familiares y del pueblo que march\u00f3 el jueves por las calles de Caracas.<\/p>\n\n\n\n<p>A trav\u00e9s de su canal de <em>Telegram<\/em>, el Mandatario nacional expres\u00f3 su felicitaci\u00f3n a los ciudadanos que participaron de la movilizaci\u00f3n: \u00abMe uno a ustedes: \u00a1Liberen a nuestros ni\u00f1os y ni\u00f1as!\u00bb, afirm\u00f3, no sin antes precisar que, hasta la fecha, se tiene un registro de 31 infantes que deben ser liberados, con la esperanza de que esta cifra no aumente.<\/p>\n\n\n\n<figure class=\"wp-block-image size-large\"><img fetchpriority=\"high\" decoding=\"async\" width=\"819\" height=\"1024\" src=\"https:\/\/prensapresidencialvenezuela.gob.ve\/wp-content\/uploads\/2025\/07\/photo_5154572367589125766_y-819x1024.jpg\" alt=\"\" class=\"wp-image-21517\" srcset=\"https:\/\/prensapresidencialvenezuela.gob.ve\/wp-content\/uploads\/2025\/07\/photo_5154572367589125766_y-819x1024.jpg 819w, https:\/\/prensapresidencialvenezuela.gob.ve\/wp-content\/uploads\/2025\/07\/photo_5154572367589125766_y-240x300.jpg 240w, https:\/\/prensapresidencialvenezuela.gob.ve\/wp-content\/uploads\/2025\/07\/photo_5154572367589125766_y-768x960.jpg 768w, https:\/\/prensapresidencialvenezuela.gob.ve\/wp-content\/uploads\/2025\/07\/photo_5154572367589125766_y.jpg 1024w\" sizes=\"(max-width: 819px) 100vw, 819px\" \/><\/figure>\n\n\n\n<p>El presidente Maduro reiter\u00f3 el compromiso de su gobierno de tomar \u00ablo que sea necesario\u00bb para lograr la liberaci\u00f3n de los infantes y finaliz\u00f3 su mensaje haciendo un llamado a detener esta situaci\u00f3n: \u00ab\u00a1Basta de atropellos y de tanta perversidad! \u00a1Que sea humana la humanidad!\u201d\u00bb.<\/p>\n\n\n\n<p><strong>En contexto<\/strong><\/p>\n\n\n\n<p>Los 31 ni\u00f1os secuestrados por el Gobierno de EE.UU. fueron separados de sus padres durante operativos del Servicio de Inmigraci\u00f3n y Control de Aduanas de Estados Unidos (ICE, por sus siglas en ingl\u00e9s). Los progenitores fueron deportados a Venezuela y, en algunos casos, remitidos al Centro de Confinamiento del Terrorismo (CECOT), en El Salvador, a pesar de no haber cometido ning\u00fan delito.<\/p>\n\n\n\n<p>En tanto, los ni\u00f1os han pasado por diversas familias de acogida, sin la aprobaci\u00f3n de sus padres o responsables legales, y sin que se haya brindado informaci\u00f3n clara sobre su estado actual. Ante esta situaci\u00f3n, el Gobierno Bolivariano ha reiterado su llamado a que los ni\u00f1os sean no solo repatriados, sino que se les garantice el derecho a viajar junto a sus familiares, asegurando as\u00ed que no sean separados y se respeten plenamente sus derechos humanos.<\/p>\n\n\n\n<figure class=\"wp-block-image size-large\"><img decoding=\"async\" width=\"819\" height=\"1024\" src=\"https:\/\/prensapresidencialvenezuela.gob.ve\/wp-content\/uploads\/2025\/07\/photo_5154572367589125765_y-819x1024.jpg\" alt=\"\" class=\"wp-image-21518\" srcset=\"https:\/\/prensapresidencialvenezuela.gob.ve\/wp-content\/uploads\/2025\/07\/photo_5154572367589125765_y-819x1024.jpg 819w, https:\/\/prensapresidencialvenezuela.gob.ve\/wp-content\/uploads\/2025\/07\/photo_5154572367589125765_y-240x300.jpg 240w, https:\/\/prensapresidencialvenezuela.gob.ve\/wp-content\/uploads\/2025\/07\/photo_5154572367589125765_y-768x960.jpg 768w, https:\/\/prensapresidencialvenezuela.gob.ve\/wp-content\/uploads\/2025\/07\/photo_5154572367589125765_y.jpg 1024w\" sizes=\"(max-width: 819px) 100vw, 819px\" \/><\/figure>\n\n\n\n<p>Asimismo, el Gobierno ha enfatizado que la crisis migratoria venezolana, que llev\u00f3 a la presencia de ciudadanos en EE.UU., fue una estrategia de guerra h\u00edbrida impulsada por sectores extremistas de la oposici\u00f3n venezolana. Dichos sectores, ahora buscan cambiar su discurso y apoyan la deportaci\u00f3n y persecuci\u00f3n de sus compatriotas en el pa\u00eds.<\/p>\n\n\n\n<p><strong>Prensa Presidencial \/ Iliana Rosales<\/strong><\/p>\n","protected":false},"excerpt":{"rendered":"<p>Palacio de Miraflores, Caracas.- El presidente de la Rep\u00fablica Bolivariana de Venezuela, Nicol\u00e1s Maduro, reiter\u00f3 este viernes su llamado a la liberaci\u00f3n de los 31 ni\u00f1os venezolanos que se encuentran secuestrados por el Gobierno de los Estados Unidos (EE.UU.), sum\u00e1ndose a la demanda de sus familiares y del pueblo que march\u00f3 el jueves por las [&hellip;]<\/p>\n","protected":false},"author":1,"featured_media":21514,"comment_status":"open","ping_status":"open","sticky":false,"template":"","format":"standard","meta":{"footnotes":""},"categories":[18,7,1],"tags":[],"class_list":["post-21513","post","type-post","status-publish","format-standard","has-post-thumbnail","hentry","category-noticias-principales","category-notas-de-prensa","category-sin-categoria"],"_links":{"self":[{"href":"https:\/\/prensapresidencialvenezuela.gob.ve\/index.php\/wp-json\/wp\/v2\/posts\/21513","targetHints":{"allow":["GET"]}}],"collection":[{"href":"https:\/\/prensapresidencialvenezuela.gob.ve\/index.php\/wp-json\/wp\/v2\/posts"}],"about":[{"href":"https:\/\/prensapresidencialvenezuela.gob.ve\/index.php\/wp-json\/wp\/v2\/types\/post"}],"author":[{"embeddable":true,"href":"https:\/\/prensapresidencialvenezuela.gob.ve\/index.php\/wp-json\/wp\/v2\/users\/1"}],"replies":[{"embeddable":true,"href":"https:\/\/prensapresidencialvenezuela.gob.ve\/index.php\/wp-json\/wp\/v2\/comments?post=21513"}],"version-history":[{"count":2,"href":"https:\/\/prensapresidencialvenezuela.gob.ve\/index.php\/wp-json\/wp\/v2\/posts\/21513\/revisions"}],"predecessor-version":[{"id":21520,"href":"https:\/\/prensapresidencialvenezuela.gob.ve\/index.php\/wp-json\/wp\/v2\/posts\/21513\/revisions\/21520"}],"wp:featuredmedia":[{"embeddable":true,"href":"https:\/\/prensapresidencialvenezuela.gob.ve\/index.php\/wp-json\/wp\/v2\/media\/21514"}],"wp:attachment":[{"href":"https:\/\/prensapresidencialvenezuela.gob.ve\/index.php\/wp-json\/wp\/v2\/media?parent=21513"}],"wp:term":[{"taxonomy":"category","embeddable":true,"href":"https:\/\/prensapresidencialvenezuela.gob.ve\/index.php\/wp-json\/wp\/v2\/categories?post=21513"},{"taxonomy":"post_tag","embeddable":true,"href":"https:\/\/prensapresidencialvenezuela.gob.ve\/index.php\/wp-json\/wp\/v2\/tags?post=21513"}],"curies":[{"name":"wp","href":"https:\/\/api.w.org\/{rel}","templated":true}]}}