{"id":21522,"date":"2025-07-14T19:48:32","date_gmt":"2025-07-14T23:48:32","guid":{"rendered":"https:\/\/prensapresidencialvenezuela.gob.ve\/?p=21522"},"modified":"2025-07-14T23:37:26","modified_gmt":"2025-07-15T03:37:26","slug":"presidente-estamos-abriendo-el-camino-a-un-nuevo-mundo-sin-imperios-y-sin-hegemonismos","status":"publish","type":"post","link":"https:\/\/prensapresidencialvenezuela.gob.ve\/index.php\/2025\/07\/14\/presidente-estamos-abriendo-el-camino-a-un-nuevo-mundo-sin-imperios-y-sin-hegemonismos\/","title":{"rendered":"Presidente: \u00abEstamos abriendo el camino a un nuevo mundo, sin imperios y sin hegemonismos\u00bb"},"content":{"rendered":"\n<p><strong>A prop\u00f3sito de su esp\u00edritu de rebeld\u00eda, de Francisco de Miranda, este a\u00fan sigue hoy en d\u00eda m\u00e1s vivo que nunca. <\/strong><\/p>\n\n\n\n<p><strong>Bellas Artes, Caracas. \u2013 <\/strong>Este lunes, el presidente de la Rep\u00fablica Bolivariana de Venezuela, Nicol\u00e1s Maduro Moros, record\u00f3 que hoy, a 209 a\u00f1os del fallecimiento de Francisco de Miranda, Venezuela est\u00e1 abriendo el camino a un \u00abnuevo mundo, sin imperios y sin hegemonismos\u00bb, porque \u00absu esp\u00edritu de rebeld\u00eda se mantiene m\u00e1s vivo que nunca, con toda su hidalgu\u00eda, su honor, su fuerza y su verdad, en este tiempo hist\u00f3rico que toca bregar con fuerza\u00bb.<\/p>\n\n\n\n<p>A prop\u00f3sito de rememorar este d\u00eda tan importante para el pa\u00eds, durante su programa <em>Con Maduro+,<\/em> N.\u00ba 85, que se realiza esta vez en las instalaciones de la Feria internacional del Libro de Venezuela (FILVEN), el jefe de Estado resalt\u00f3 que esta exposici\u00f3n literaria ha sido un \u00e9xito total, mediante la cultura del conocimiento e integraci\u00f3n del mundo, el que \u00abjam\u00e1s renunciar\u00e1 a la libertad, igualdad, independencia e identidad\u00bb; porque \u00abaunque pasaron los a\u00f1os y los sucesos, el Precursor se convirti\u00f3 en Libertador\u00bb.<\/p>\n\n\n\n<p>Como parte del recuento hist\u00f3rico, el Mandatario venezolano ha reiterado ante tantas amenazas, en contra de la estabilidad y paz de la naci\u00f3n, que \u00abnadie se equivoque, porque, aunque las batallas que vienen ser\u00e1n duras, ser\u00e1n buenas\u00bb; ya que Venezuela est\u00e1 abriendo el camino a un nuevo mundo sin criminales, sin sionismo y con verdadera libertad.<\/p>\n\n\n\n<p>Adicional a ello, ha enfatizado que la patria de Bol\u00edvar y Ch\u00e1vez est\u00e1 colmada de igualdad e independencia; y que \u00abel derecho de los pueblos es ser, firmarse y reafirmarse en el camino de la dignidad y la libertad humana\u00bb.<\/p>\n\n\n\n<p>Asimismo, el Presidente subray\u00f3 que un d\u00eda como hoy se izaba la bandera por primera vez en una Rep\u00fablica que luchaba por su libertad e independencia, luego de que en 1816 encontr\u00e1ndose en C\u00e1diz, Espa\u00f1a, fuese impedido de disfrutar su obra que \u00abera la Am\u00e9rica en un solo bloque de fuerza llamada Colombia\u00bb.<\/p>\n\n\n\n<p>Por otra parte, refiri\u00f3 que esta fue su primera izada p\u00fablica en suelo venezolano, en el cuartel San Carlos de Caracas, a pesar de que la bandera fue presentada y aprobada el 5 de julio de 1811 ante el Congreso Constituyente.<\/p>\n\n\n\n<p><strong>Prensa Presidencial\/ Irmary D\u00edaz<\/strong><\/p>\n","protected":false},"excerpt":{"rendered":"<p>A prop\u00f3sito de su esp\u00edritu de rebeld\u00eda, de Francisco de Miranda, este a\u00fan sigue hoy en d\u00eda m\u00e1s vivo que nunca. Bellas Artes, Caracas. \u2013 Este lunes, el presidente de la Rep\u00fablica Bolivariana de Venezuela, Nicol\u00e1s Maduro Moros, record\u00f3 que hoy, a 209 a\u00f1os del fallecimiento de Francisco de Miranda, Venezuela est\u00e1 abriendo el camino [&hellip;]<\/p>\n","protected":false},"author":1,"featured_media":21526,"comment_status":"open","ping_status":"open","sticky":false,"template":"","format":"standard","meta":{"footnotes":""},"categories":[18,7,1],"tags":[],"class_list":["post-21522","post","type-post","status-publish","format-standard","has-post-thumbnail","hentry","category-noticias-principales","category-notas-de-prensa","category-sin-categoria"],"_links":{"self":[{"href":"https:\/\/prensapresidencialvenezuela.gob.ve\/index.php\/wp-json\/wp\/v2\/posts\/21522","targetHints":{"allow":["GET"]}}],"collection":[{"href":"https:\/\/prensapresidencialvenezuela.gob.ve\/index.php\/wp-json\/wp\/v2\/posts"}],"about":[{"href":"https:\/\/prensapresidencialvenezuela.gob.ve\/index.php\/wp-json\/wp\/v2\/types\/post"}],"author":[{"embeddable":true,"href":"https:\/\/prensapresidencialvenezuela.gob.ve\/index.php\/wp-json\/wp\/v2\/users\/1"}],"replies":[{"embeddable":true,"href":"https:\/\/prensapresidencialvenezuela.gob.ve\/index.php\/wp-json\/wp\/v2\/comments?post=21522"}],"version-history":[{"count":4,"href":"https:\/\/prensapresidencialvenezuela.gob.ve\/index.php\/wp-json\/wp\/v2\/posts\/21522\/revisions"}],"predecessor-version":[{"id":21569,"href":"https:\/\/prensapresidencialvenezuela.gob.ve\/index.php\/wp-json\/wp\/v2\/posts\/21522\/revisions\/21569"}],"wp:featuredmedia":[{"embeddable":true,"href":"https:\/\/prensapresidencialvenezuela.gob.ve\/index.php\/wp-json\/wp\/v2\/media\/21526"}],"wp:attachment":[{"href":"https:\/\/prensapresidencialvenezuela.gob.ve\/index.php\/wp-json\/wp\/v2\/media?parent=21522"}],"wp:term":[{"taxonomy":"category","embeddable":true,"href":"https:\/\/prensapresidencialvenezuela.gob.ve\/index.php\/wp-json\/wp\/v2\/categories?post=21522"},{"taxonomy":"post_tag","embeddable":true,"href":"https:\/\/prensapresidencialvenezuela.gob.ve\/index.php\/wp-json\/wp\/v2\/tags?post=21522"}],"curies":[{"name":"wp","href":"https:\/\/api.w.org\/{rel}","templated":true}]}}