{"id":21527,"date":"2025-07-14T20:22:39","date_gmt":"2025-07-15T00:22:39","guid":{"rendered":"https:\/\/prensapresidencialvenezuela.gob.ve\/?p=21527"},"modified":"2025-07-14T20:22:40","modified_gmt":"2025-07-15T00:22:40","slug":"denuncian-a-bukele-de-intentar-canjear-venezolanos-secuestrados-ilegalmente-por-terroristas-judicializados","status":"publish","type":"post","link":"https:\/\/prensapresidencialvenezuela.gob.ve\/index.php\/2025\/07\/14\/denuncian-a-bukele-de-intentar-canjear-venezolanos-secuestrados-ilegalmente-por-terroristas-judicializados\/","title":{"rendered":"Denuncian a Bukele de intentar canjear venezolanos secuestrados ilegalmente por terroristas judicializados"},"content":{"rendered":"\n<p><strong>Palacio de Miraflores, Caracas.- <\/strong>El presidente de la Rep\u00fablica Bolivariana de Venezuela, Nicol\u00e1s Maduro, junto al fiscal general, Tarek William Saab, denunciaron al mandatario de El Salvador, Nayib Bukele, acus\u00e1ndolo de proponer un canje: la liberaci\u00f3n de ciudadanos venezolanos secuestrados y desaparecidos forzosamente a cambio de terroristas judicializados en el pa\u00eds.<\/p>\n\n\n\n<p>Durante su programa semanal <em>Con Maduro +,<\/em> edici\u00f3n n\u00famero 85, el jefe de Estado denunci\u00f3 que el Gobierno de El Salvador comete \u00abviolaciones seriales de derechos humanos\u00bb, al mantener retenidos de forma forzosa a 252 venezolanos en entornos deplorables, sin derecho a juicio, defensa, abogados ni visitas familiares.<\/p>\n\n\n\n<p>\u00abLas condiciones en que est\u00e1n dentro de ese campo de concentraci\u00f3n solamente son comparables con las condiciones en que estaban los jud\u00edos en los campos de concentraci\u00f3n nazi\u00bb, afirm\u00f3, equiparando la situaci\u00f3n con uno de los hechos m\u00e1s cruentos y dolorosos de la historia global.<\/p>\n\n\n\n<p>El presidente Maduro no dud\u00f3 en se\u00f1alar a Bukele como un \u00abagente del <em>establishment<\/em> en los Estados Unidos y del sionismo\u00bb. Adem\u00e1s, lo acus\u00f3 de haber llegado a la presidencia de El Salvador mediante \u00abgran fraude electoral\u00bb y de ser utilizado para fines inconfesables.<\/p>\n\n\n\n<p>\u00abBukele, \u00e9l mismo, se ech\u00f3 encima una mancha hist\u00f3rica que no superar\u00e1 en siglos\u00bb, sentenci\u00f3 el Jefe de Estado venezolano, augurando un futuro sombr\u00edo para el legado del actual presidente salvadore\u00f1o.<\/p>\n\n\n\n<p>Por su parte, el fiscal general Tarek William Saab calific\u00f3 de \u00ababsurdo y depravado, el intento de canjear a los venezolanos, secuestrados ilegalmente, por unos terroristas venezolanos, judicializados con el debido proceso, por intentar magnicidio, por asaltar cuarteles, por hacer atentados con drones y buscar, lamentablemente para ellos\u2026 No, no lo van a lograr jam\u00e1s, nada m\u00e1s y nada menos, que acabar con el alto mando pol\u00edtico militar, de la naci\u00f3n\u00bb.<\/p>\n\n\n\n<p><strong>Violaci\u00f3n del Estatuto de Roma<\/strong><\/p>\n\n\n\n<p>Saab, ratificando las palabras del Mandatario Nacional, desminti\u00f3 la figura de deportaci\u00f3n y aclar\u00f3 que este tipo de procesos implica un juicio y el retorno al pa\u00eds de origen. No obstante, en el caso de los venezolanos, explic\u00f3 que fueron \u00abtomados literalmente por asalto\u00bb en sus hogares, lugares de trabajo y en la v\u00eda p\u00fablica, por agentes estadounidenses, para luego ser trasladados \u00abilegalmente y desaparecidos\u00bb.<\/p>\n\n\n\n<p>\u00abNosotros hemos recabado, usted lo sabe, m\u00e1s de 100 nombres, producto de las denuncias de los familiares, que vieron en las redes, que vieron en los videos, etc.\u00bb, afirm\u00f3 el Fiscal General, evidenciando la falta de una lista oficial y confirmando que se trata de \u00abdesapariciones forzadas\u00bb, en clara violaci\u00f3n del Estatuto de Roma y las convenciones de derechos humanos regionales e internacionales.<\/p>\n\n\n\n<p><strong>Bukele: Mezcla de Hitler con Netanyahu<\/strong><\/p>\n\n\n\n<p>El fiscal Saab fue a\u00fan m\u00e1s contundente al describir a Bukele como una \u00abmezcla de Hitler con Netanyahu y con todo lo peor que es Mussolini, de Franco\u00bb. Adem\u00e1s, &nbsp;revel\u00f3 una informaci\u00f3n publicada por el <em>New York Times,<\/em> donde se detalla un acuerdo secreto entre Bukele y el Gobierno estadounidense para el traslado de \u00abpandilleros m\u00e1s peligrosos de las Mara Salvatrucha\u00bb, que estaban presos en Estados Unidos, a El Salvador.<\/p>\n\n\n\n<p>La preocupaci\u00f3n radica en que estos l\u00edderes de la Mara Salvatrucha, formados como mafia en Estados Unidos, eran testigos en juicios contra Bukele. El acuerdo, seg\u00fan el fiscal, busca evitar que \u00abrevelaran el pacto secreto\u00bb entre Bukele y esta peligrosa organizaci\u00f3n criminal.<\/p>\n\n\n\n<p><strong>Prensa Presidencial \/ Iliana Rosales<\/strong><\/p>\n","protected":false},"excerpt":{"rendered":"<p>Palacio de Miraflores, Caracas.- El presidente de la Rep\u00fablica Bolivariana de Venezuela, Nicol\u00e1s Maduro, junto al fiscal general, Tarek William Saab, denunciaron al mandatario de El Salvador, Nayib Bukele, acus\u00e1ndolo de proponer un canje: la liberaci\u00f3n de ciudadanos venezolanos secuestrados y desaparecidos forzosamente a cambio de terroristas judicializados en el pa\u00eds. Durante su programa semanal [&hellip;]<\/p>\n","protected":false},"author":1,"featured_media":21528,"comment_status":"open","ping_status":"open","sticky":false,"template":"","format":"standard","meta":{"footnotes":""},"categories":[18,7],"tags":[],"class_list":["post-21527","post","type-post","status-publish","format-standard","has-post-thumbnail","hentry","category-noticias-principales","category-notas-de-prensa"],"_links":{"self":[{"href":"https:\/\/prensapresidencialvenezuela.gob.ve\/index.php\/wp-json\/wp\/v2\/posts\/21527","targetHints":{"allow":["GET"]}}],"collection":[{"href":"https:\/\/prensapresidencialvenezuela.gob.ve\/index.php\/wp-json\/wp\/v2\/posts"}],"about":[{"href":"https:\/\/prensapresidencialvenezuela.gob.ve\/index.php\/wp-json\/wp\/v2\/types\/post"}],"author":[{"embeddable":true,"href":"https:\/\/prensapresidencialvenezuela.gob.ve\/index.php\/wp-json\/wp\/v2\/users\/1"}],"replies":[{"embeddable":true,"href":"https:\/\/prensapresidencialvenezuela.gob.ve\/index.php\/wp-json\/wp\/v2\/comments?post=21527"}],"version-history":[{"count":1,"href":"https:\/\/prensapresidencialvenezuela.gob.ve\/index.php\/wp-json\/wp\/v2\/posts\/21527\/revisions"}],"predecessor-version":[{"id":21529,"href":"https:\/\/prensapresidencialvenezuela.gob.ve\/index.php\/wp-json\/wp\/v2\/posts\/21527\/revisions\/21529"}],"wp:featuredmedia":[{"embeddable":true,"href":"https:\/\/prensapresidencialvenezuela.gob.ve\/index.php\/wp-json\/wp\/v2\/media\/21528"}],"wp:attachment":[{"href":"https:\/\/prensapresidencialvenezuela.gob.ve\/index.php\/wp-json\/wp\/v2\/media?parent=21527"}],"wp:term":[{"taxonomy":"category","embeddable":true,"href":"https:\/\/prensapresidencialvenezuela.gob.ve\/index.php\/wp-json\/wp\/v2\/categories?post=21527"},{"taxonomy":"post_tag","embeddable":true,"href":"https:\/\/prensapresidencialvenezuela.gob.ve\/index.php\/wp-json\/wp\/v2\/tags?post=21527"}],"curies":[{"name":"wp","href":"https:\/\/api.w.org\/{rel}","templated":true}]}}