{"id":21539,"date":"2025-07-14T21:17:05","date_gmt":"2025-07-15T01:17:05","guid":{"rendered":"https:\/\/prensapresidencialvenezuela.gob.ve\/?p=21539"},"modified":"2025-07-14T21:17:06","modified_gmt":"2025-07-15T01:17:06","slug":"volker-turk-es-agente-de-occidente-presidente-maduro-cuestiona-a-la-onu-y-destaca-rol-del-papa-leon-xiv","status":"publish","type":"post","link":"https:\/\/prensapresidencialvenezuela.gob.ve\/index.php\/2025\/07\/14\/volker-turk-es-agente-de-occidente-presidente-maduro-cuestiona-a-la-onu-y-destaca-rol-del-papa-leon-xiv\/","title":{"rendered":"\u00abVolker T\u00fcrk es agente de Occidente\u00bb: Presidente Maduro cuestiona a la ONU y destaca rol del papa Le\u00f3n XIV"},"content":{"rendered":"\n<p><strong>Palacio de Miraflores, Caracas.- <\/strong>El Presidente de la Rep\u00fablica Bolivariana de Venezuela, Nicol\u00e1s Maduro, denunci\u00f3 este lunes la inacci\u00f3n y presunta complicidad de organismos internacionales, espec\u00edficamente de la Oficina del Alto Comisionado de las Naciones Unidas para los Derechos Humanos, frente al secuestro de ciudadanos venezolanos en Estados Unidos y El Salvador.<\/p>\n\n\n\n<p>Durante la edici\u00f3n n\u00famero 85 de su programa <em>Con Maduro +,<\/em> el Mandatario Nacional destac\u00f3 el papel crucial del papa Le\u00f3n XIV y la Iglesia Cat\u00f3lica en la b\u00fasqueda de la restituci\u00f3n de los derechos humanos de los afectados.<\/p>\n\n\n\n<p>Revel\u00f3 que acudi\u00f3 al l\u00edder cat\u00f3lico ante la falta de respuestas por parte de las Naciones Unidas. \u00abSi, nosotros les mandamos, yo le entregu\u00e9 una carta al doctor Jorge Rodr\u00edguez, quien se la entreg\u00f3 al Nuncio Apost\u00f3lico en Caracas, monse\u00f1or Ortega\u00bb, explic\u00f3, refiri\u00e9ndose a una misiva dirigida al papa Le\u00f3n XIV.<\/p>\n\n\n\n<p>En sus declaraciones, el Presidente hizo hincapi\u00e9 en la alarmante situaci\u00f3n de 31 ni\u00f1os y ni\u00f1as venezolanos secuestrados en Estados Unidos, un hecho sin precedentes. Asimismo, denunci\u00f3 el secuestro y la desaparici\u00f3n de 252 trabajadores migrantes venezolanos en El Salvador, quienes se encuentran sin derecho a la defensa y en condiciones que calific\u00f3 de \u00abcampo de concentraci\u00f3n\u00bb.<\/p>\n\n\n\n<p>Maduro resalt\u00f3 el \u00abprimer gesto muy contundente del cardenal de San Salvador, quien, en la verdad de Cristo, exigi\u00f3 el derecho de los venezolanos a un juez, a juicio, a contacto con sus familiares y abogados; as\u00ed como a conocer el nombre, la situaci\u00f3n f\u00edsica y de salud de los secuestrados\u00bb.<\/p>\n\n\n\n<p>\u00abEs un gesto hermoso, y sabemos tambi\u00e9n que se est\u00e1n dando movimientos donde la Iglesia Cat\u00f3lica Universal, nuestra Iglesia Cat\u00f3lica, est\u00e1 movi\u00e9ndose para que, m\u00e1s temprano que tarde, podamos rescatar, sanos y vivos, y entregarlos a los brazos de sus madres, a los 31 ni\u00f1os y ni\u00f1as que est\u00e1n secuestrados en Estados Unidos\u00bb, afirm\u00f3 el Presidente, expresando su gratitud al papa Le\u00f3n XIV por su autoridad moral y las acciones emprendidas.<\/p>\n\n\n\n<p><strong>Inacci\u00f3n de la ONU<\/strong><\/p>\n\n\n\n<p>El Jefe de Estado fue enf\u00e1tico al denunciar la inoperancia del Alto Comisionado de las Naciones Unidas para los Derechos Humanos, Volker T\u00fcrk. \u00abYo habl\u00e9 con Volker T\u00fcrk apenas secuestraron a los venezolanos, todav\u00eda no hab\u00edan secuestrado a los ni\u00f1os. Le envi\u00e9 una carta a Volker T\u00fcrk\u00bb, record\u00f3, insistiendo en que la tarea de T\u00fcrk es velar por los derechos humanos universales.<\/p>\n\n\n\n<p>\u00ab\u00c9l me dijo, bueno yo voy para Washington dentro de unos d\u00edas, yo me voy a mover en Washington, y yo le dije, a el se\u00f1or Volker T\u00fcrk, \u201cvaya al Salvador, hay 252 personas desaparecidas, secuestradas, o mande a alguien\u201d. Ahora nuestro embajador le dijo, tenemos 31 ni\u00f1os secuestrados, y Volker T\u00fcrk no hace nada\u00bb, manifest\u00f3.<\/p>\n\n\n\n<p>El Mandatario Nacional se\u00f1al\u00f3 la raz\u00f3n detr\u00e1s de esta inacci\u00f3n: \u00ab\u00bfPor qu\u00e9 Volker T\u00fcrk no hace nada? Porque Volker T\u00fcrk es agente del Gobierno de Estados Unidos y la Europa imperialista, colonialista, en Naciones Unidas\u00bb. El Mandatario acus\u00f3 a T\u00fcrk de estar en su puesto para \u00abproteger los intereses de Occidente, para callar ante el genocidio palestino, para callar ante el genocidio contra el pueblo del L\u00edbano, de Siria, de Yemen, de Ir\u00e1n, para callar las violaciones de derechos humanos, para taparla\u00bb.<\/p>\n\n\n\n<p><strong>Prensa Presidencial \/ Iliana Rosales<\/strong><\/p>\n","protected":false},"excerpt":{"rendered":"<p>Palacio de Miraflores, Caracas.- El Presidente de la Rep\u00fablica Bolivariana de Venezuela, Nicol\u00e1s Maduro, denunci\u00f3 este lunes la inacci\u00f3n y presunta complicidad de organismos internacionales, espec\u00edficamente de la Oficina del Alto Comisionado de las Naciones Unidas para los Derechos Humanos, frente al secuestro de ciudadanos venezolanos en Estados Unidos y El Salvador. Durante la edici\u00f3n [&hellip;]<\/p>\n","protected":false},"author":1,"featured_media":21540,"comment_status":"open","ping_status":"open","sticky":false,"template":"","format":"standard","meta":{"footnotes":""},"categories":[18,7],"tags":[],"class_list":["post-21539","post","type-post","status-publish","format-standard","has-post-thumbnail","hentry","category-noticias-principales","category-notas-de-prensa"],"_links":{"self":[{"href":"https:\/\/prensapresidencialvenezuela.gob.ve\/index.php\/wp-json\/wp\/v2\/posts\/21539","targetHints":{"allow":["GET"]}}],"collection":[{"href":"https:\/\/prensapresidencialvenezuela.gob.ve\/index.php\/wp-json\/wp\/v2\/posts"}],"about":[{"href":"https:\/\/prensapresidencialvenezuela.gob.ve\/index.php\/wp-json\/wp\/v2\/types\/post"}],"author":[{"embeddable":true,"href":"https:\/\/prensapresidencialvenezuela.gob.ve\/index.php\/wp-json\/wp\/v2\/users\/1"}],"replies":[{"embeddable":true,"href":"https:\/\/prensapresidencialvenezuela.gob.ve\/index.php\/wp-json\/wp\/v2\/comments?post=21539"}],"version-history":[{"count":1,"href":"https:\/\/prensapresidencialvenezuela.gob.ve\/index.php\/wp-json\/wp\/v2\/posts\/21539\/revisions"}],"predecessor-version":[{"id":21541,"href":"https:\/\/prensapresidencialvenezuela.gob.ve\/index.php\/wp-json\/wp\/v2\/posts\/21539\/revisions\/21541"}],"wp:featuredmedia":[{"embeddable":true,"href":"https:\/\/prensapresidencialvenezuela.gob.ve\/index.php\/wp-json\/wp\/v2\/media\/21540"}],"wp:attachment":[{"href":"https:\/\/prensapresidencialvenezuela.gob.ve\/index.php\/wp-json\/wp\/v2\/media?parent=21539"}],"wp:term":[{"taxonomy":"category","embeddable":true,"href":"https:\/\/prensapresidencialvenezuela.gob.ve\/index.php\/wp-json\/wp\/v2\/categories?post=21539"},{"taxonomy":"post_tag","embeddable":true,"href":"https:\/\/prensapresidencialvenezuela.gob.ve\/index.php\/wp-json\/wp\/v2\/tags?post=21539"}],"curies":[{"name":"wp","href":"https:\/\/api.w.org\/{rel}","templated":true}]}}