{"id":21545,"date":"2025-07-14T21:56:52","date_gmt":"2025-07-15T01:56:52","guid":{"rendered":"https:\/\/prensapresidencialvenezuela.gob.ve\/?p=21545"},"modified":"2025-07-14T21:57:40","modified_gmt":"2025-07-15T01:57:40","slug":"jefe-de-estado-convoca-a-la-preparacion-nacional-frente-al-cambio-climatico","status":"publish","type":"post","link":"https:\/\/prensapresidencialvenezuela.gob.ve\/index.php\/2025\/07\/14\/jefe-de-estado-convoca-a-la-preparacion-nacional-frente-al-cambio-climatico\/","title":{"rendered":"Jefe de Estado convoca a la preparaci\u00f3n nacional frente al Cambio Clim\u00e1tico"},"content":{"rendered":"\n<p><strong>Palacio de Miraflores, Caracas.-<\/strong> El presidente de la Rep\u00fablica Bolivariana de Venezuela, Nicol\u00e1s Maduro, convoc\u00f3 a la preparaci\u00f3n nacional frente a las consecuencias que pueda generar el cambio clim\u00e1tico, al mismo tiempo que critic\u00f3 \u00ablas corrientes negacionistas\u00bb, en Europa y Estados Unidos.<\/p>\n\n\n\n<p>En su programa semanal <em>Con Maduro +,<\/em> edici\u00f3n n\u00famero 85, resalt\u00f3 la necesidad urgente de preparar a la naci\u00f3n ante los fen\u00f3menos meteorol\u00f3gicos extremos y subray\u00f3 la importancia de una respuesta global ante la emergencia clim\u00e1tica.<\/p>\n\n\n\n<p>En un pronunciamiento donde abord\u00f3 diversos temas de inter\u00e9s nacional e internacional, el Mandatario hizo hincapi\u00e9 en la creciente frecuencia de \u00ablluvias imprevistas, aluviales e intempestivas que caen, inundan y cambian la topograf\u00eda\u00bb, como una clara manifestaci\u00f3n del cambio clim\u00e1tico.<\/p>\n\n\n\n<p>Asimismo, enfatiz\u00f3 que \u00abel cambio clim\u00e1tico lleg\u00f3 y los poderes mundiales se burlaron del derecho internacional\u00bb, haciendo un llamado a la acci\u00f3n inmediata para enfrentar esta realidad. \u00abNosotros tenemos que batallar contra el cambio clim\u00e1tico de la mejor manera\u00bb, afirm\u00f3 el Presidente, instando a la preparaci\u00f3n y adaptaci\u00f3n ante los desaf\u00edos que presenta el calentamiento global.<\/p>\n\n\n\n<p><strong>Celebr\u00f3 hist\u00f3rico triunfo de la selecci\u00f3n de softbol<\/strong><\/p>\n\n\n\n<p>El Mandatario Nacional celebr\u00f3 el hist\u00f3rico triunfo de la selecci\u00f3n venezolana de softbol en el Mundial de Canad\u00e1, donde se coronaron campeones por primera vez.<\/p>\n\n\n\n<p>Este logro no solo demuestra el talento y la dedicaci\u00f3n de los atletas venezolanos, sino que tambi\u00e9n es un presagio de un futuro brillante para el deporte nacional. \u00abAyer tambi\u00e9n los muchachos del infantil quedaron sub-campe\u00f3n de la Serie del Caribe. Esta selecci\u00f3n es lo que pudiera ser una segunda explosi\u00f3n de \u00e9xito de la Generaci\u00f3n de oro del deporte venezolano, en todo nivel\u00bb, dijo.<\/p>\n\n\n\n<p>En tal sentido, llam\u00f3 al pueblo de Venezuela a celebrar y acompa\u00f1ar a los ganadores en su bienvenida al pa\u00eds.<\/p>\n\n\n\n<p><strong>Condena a sanciones contra Albanese<\/strong><\/p>\n\n\n\n<p>El jefe de Estado conden\u00f3 en\u00e9rgicamente las sanciones impuestas por Estados Unidos a la relatora especial de la ONU para los Territorios Palestinos Ocupados, Francesca Albanese, por su informe sobre un \u00abgenocidio en curso\u00bb, en Gaza.<\/p>\n\n\n\n<p>\u00abLa masacre contra el pueblo palestino es una masacre contra todos nosotros, es la se\u00f1al contra el mundo entero, de que ellos quieren dominar al planeta Tierra\u00bb, sentenci\u00f3.<\/p>\n\n\n\n<p>Finaliz\u00f3, recordando que el Alto Comisionado de las Naciones Unidas para los Derechos Humanos, Volker T\u00fcrk, es un c\u00f3mplice de las sanciones contra Albanese, al quedarse callado: \u00abEs el jefe de ella, el Alto Comisionado, se hace c\u00f3mplice, no dice nada, no hace nada. Esta mujer, que no conocemos, a todas luces, es una mujer valiente de la Europa valiente\u00bb.<\/p>\n\n\n\n<p><strong>Prensa Presidencial \/ Iliana Rosales<\/strong><\/p>\n","protected":false},"excerpt":{"rendered":"<p>Palacio de Miraflores, Caracas.- El presidente de la Rep\u00fablica Bolivariana de Venezuela, Nicol\u00e1s Maduro, convoc\u00f3 a la preparaci\u00f3n nacional frente a las consecuencias que pueda generar el cambio clim\u00e1tico, al mismo tiempo que critic\u00f3 \u00ablas corrientes negacionistas\u00bb, en Europa y Estados Unidos. En su programa semanal Con Maduro +, edici\u00f3n n\u00famero 85, resalt\u00f3 la necesidad [&hellip;]<\/p>\n","protected":false},"author":1,"featured_media":21548,"comment_status":"open","ping_status":"open","sticky":false,"template":"","format":"standard","meta":{"footnotes":""},"categories":[18,7],"tags":[],"class_list":["post-21545","post","type-post","status-publish","format-standard","has-post-thumbnail","hentry","category-noticias-principales","category-notas-de-prensa"],"_links":{"self":[{"href":"https:\/\/prensapresidencialvenezuela.gob.ve\/index.php\/wp-json\/wp\/v2\/posts\/21545","targetHints":{"allow":["GET"]}}],"collection":[{"href":"https:\/\/prensapresidencialvenezuela.gob.ve\/index.php\/wp-json\/wp\/v2\/posts"}],"about":[{"href":"https:\/\/prensapresidencialvenezuela.gob.ve\/index.php\/wp-json\/wp\/v2\/types\/post"}],"author":[{"embeddable":true,"href":"https:\/\/prensapresidencialvenezuela.gob.ve\/index.php\/wp-json\/wp\/v2\/users\/1"}],"replies":[{"embeddable":true,"href":"https:\/\/prensapresidencialvenezuela.gob.ve\/index.php\/wp-json\/wp\/v2\/comments?post=21545"}],"version-history":[{"count":1,"href":"https:\/\/prensapresidencialvenezuela.gob.ve\/index.php\/wp-json\/wp\/v2\/posts\/21545\/revisions"}],"predecessor-version":[{"id":21547,"href":"https:\/\/prensapresidencialvenezuela.gob.ve\/index.php\/wp-json\/wp\/v2\/posts\/21545\/revisions\/21547"}],"wp:featuredmedia":[{"embeddable":true,"href":"https:\/\/prensapresidencialvenezuela.gob.ve\/index.php\/wp-json\/wp\/v2\/media\/21548"}],"wp:attachment":[{"href":"https:\/\/prensapresidencialvenezuela.gob.ve\/index.php\/wp-json\/wp\/v2\/media?parent=21545"}],"wp:term":[{"taxonomy":"category","embeddable":true,"href":"https:\/\/prensapresidencialvenezuela.gob.ve\/index.php\/wp-json\/wp\/v2\/categories?post=21545"},{"taxonomy":"post_tag","embeddable":true,"href":"https:\/\/prensapresidencialvenezuela.gob.ve\/index.php\/wp-json\/wp\/v2\/tags?post=21545"}],"curies":[{"name":"wp","href":"https:\/\/api.w.org\/{rel}","templated":true}]}}