{"id":21550,"date":"2025-07-14T22:10:57","date_gmt":"2025-07-15T02:10:57","guid":{"rendered":"https:\/\/prensapresidencialvenezuela.gob.ve\/?p=21550"},"modified":"2025-07-14T22:11:29","modified_gmt":"2025-07-15T02:11:29","slug":"filven-2025-un-espacio-para-el-resurgimiento-de-la-literatura-venezolana","status":"publish","type":"post","link":"https:\/\/prensapresidencialvenezuela.gob.ve\/index.php\/2025\/07\/14\/filven-2025-un-espacio-para-el-resurgimiento-de-la-literatura-venezolana\/","title":{"rendered":"FILVEN 2025: Un espacio para el resurgimiento de la literatura venezolana"},"content":{"rendered":"\n<p><strong>Bellas Artes, Caracas. \u2013 <\/strong>El presidente de la Rep\u00fablica Bolivariana de Venezuela, Nicol\u00e1s Maduro Moros, destac\u00f3 como exitosa la Feria Internacional de Libro de Venezuela (FILVEN) 2025,que no solo ha contado con la participaci\u00f3n especial de Egipto, sino del estado venezolano, Guayana Esequiba.<\/p>\n\n\n\n<p>Asimismo, dijo durante el segmento Cultura, de su programa Con Maduro +, que espera que con las relaciones afianzadoras entre la Rep\u00fablica \u00c1rabe de Egipto y la Rep\u00fablica Bolivariana de Venezuela, espera una pronta apertura de un vuelo hacia esta Naci\u00f3n, debido a que cuenta con una ruta de \u00abLa Familia Sagrada\u00bb, la cual muestras el camino por donde pas\u00f3 el Ni\u00f1o Jes\u00fas, con su madre, Mar\u00eda, y su padre, Jos\u00e9.<\/p>\n\n\n\n<figure class=\"wp-block-image size-large\"><img fetchpriority=\"high\" decoding=\"async\" width=\"1024\" height=\"682\" src=\"https:\/\/prensapresidencialvenezuela.gob.ve\/wp-content\/uploads\/2025\/07\/photo_5163931732687302357_w-1024x682.jpg\" alt=\"\" class=\"wp-image-21552\" srcset=\"https:\/\/prensapresidencialvenezuela.gob.ve\/wp-content\/uploads\/2025\/07\/photo_5163931732687302357_w-1024x682.jpg 1024w, https:\/\/prensapresidencialvenezuela.gob.ve\/wp-content\/uploads\/2025\/07\/photo_5163931732687302357_w-300x200.jpg 300w, https:\/\/prensapresidencialvenezuela.gob.ve\/wp-content\/uploads\/2025\/07\/photo_5163931732687302357_w-768x512.jpg 768w, https:\/\/prensapresidencialvenezuela.gob.ve\/wp-content\/uploads\/2025\/07\/photo_5163931732687302357_w-1536x1024.jpg 1536w, https:\/\/prensapresidencialvenezuela.gob.ve\/wp-content\/uploads\/2025\/07\/photo_5163931732687302357_w-2048x1365.jpg 2048w\" sizes=\"(max-width: 1024px) 100vw, 1024px\" \/><\/figure>\n\n\n\n<p>En esta l\u00ednea, el ministro del Poder a Popular para la Cultura, Ernesto Villegas, emiti\u00f3 un balance del triunfo que estuvo la FILVEN durante sus diez d\u00edas de exhibici\u00f3n literaria; por lo que, destac\u00f3 la feria como \u00abun fen\u00f3meno\u00bb.<\/p>\n\n\n\n<p>Asimismo, acot\u00f3 que a prop\u00f3sito del \u00e9xito que obtuvo la feria, ahora la FILVEN recorrer\u00e1 todo el pa\u00eds, por instrucciones del jefe de Estado, y su inicio ser\u00e1 en la Guayana Esequiba.<\/p>\n\n\n\n<p>Adicional a ello, el Ministro Villegas agreg\u00f3 con relaci\u00f3n a la Feria del Libro de Caracas, que funcionar\u00e1 tambi\u00e9n en los espacios de la Galer\u00eda de Arte Nacional y de la plaza de la Juventud; subrayando a su vez, que \u00abpor el excelente funcionamiento del stand del Pabell\u00f3n venezolano, quedar\u00e1 instalada la librer\u00eda que se llamar\u00e1: Elsa Morales, en honor a una gran artista y poeta\u00bb.<\/p>\n\n\n\n<h2 class=\"wp-block-heading alignwide\">En este contexto, se hizo menci\u00f3n a los libros m\u00e1s destacados y vendidos de la FILVEN, tales como:<\/h2>\n\n\n\n<ul class=\"wp-block-list\">\n<li><strong>Un tren viaja al cielo de la media noche, de Tarek William Saab<\/strong><\/li>\n<\/ul>\n\n\n\n<p>Con relaci\u00f3n a este libro, Saab expres\u00f3 que el comandante Hugo Ch\u00e1vez y el presidente Nicol\u00e1s Maduro, son los que \u00abinauguran la FILVEN y eso le da preponderancia, pero, adem\u00e1s, convierte a la feria en un asunto de Estado, porque la cultura es la reserva moral de la humanidad\u00bb.<\/p>\n\n\n\n<ul class=\"wp-block-list\">\n<li><strong>Trilog\u00eda del desamor, de Miguel \u00e1ngel P\u00e9rez Pirela<\/strong><\/li>\n<\/ul>\n\n\n\n<p>En cuanto a la FILVEN, P\u00e9rez Pirela dijo que \u00abcada feria realizada es mejor que la anterior\u00bb, ya que la soberan\u00eda antes de ser tecnol\u00f3gica, farmac\u00e9utica, cient\u00edfica, es la soberan\u00eda del alma, en cada libro que se escribe.&nbsp;<\/p>\n\n\n\n<p>\u00abHubo momentos en que las sanciones arremetieron muy fuerte en contra del pa\u00eds, pero hoy en d\u00eda, nuestra feria ha sido abarrotada por una nueva generaci\u00f3n de escritores, escritoras, nuevas editoriales privadas, nacionales, internacionales; por lo que, estamos tejiendo de letra en letra nuestra soberan\u00eda\u00bb, expres\u00f3 P\u00e9rez Pirela con orgullo por el crecimiento que ha tenido la literatura en Venezuela. &nbsp;<\/p>\n\n\n\n<ul class=\"wp-block-list\">\n<li><strong>\u00c9l es la Revoluci\u00f3n, de un historiador cubano Sergio Guerra Vilaboy.<\/strong><\/li>\n<\/ul>\n\n\n\n<p>Trata de la biograf\u00eda pol\u00edtica de Sim\u00f3n Bol\u00edvar, en el que se despierta la pasi\u00f3n bolivariana, de un hombre que indag\u00f3 a detalle al Bol\u00edvar que es digno de ser llevado a las grandes pantallas, el cine.<\/p>\n\n\n\n<p>Por ello, el jefe de Estado sell\u00f3 con palabras contundentes, que \u00absigue siendo Bol\u00edvar, la Revoluci\u00f3n, y el otro su continuador, el que resucit\u00f3 el ideal de Bol\u00edvar y continu\u00f3 su proyecto en el siglo XXI, nuestro comandante Hugo Ch\u00e1vez\u00bb.<\/p>\n\n\n\n<ul class=\"wp-block-list\">\n<li><strong>La Barca de nuestros sue\u00f1os inconcluso, escrito por Rosin\u00e9s Ch\u00e1vez Rodr\u00edguez.<\/strong><\/li>\n<\/ul>\n\n\n\n<p>En cuanto a estas l\u00edneas colmadas de mucha emoci\u00f3n, el Presidente enfatiz\u00f3 que este libro es una poes\u00eda, trabajada con honestidad y sencillez; mientras que Rosin\u00e9s Ch\u00e1vez exterioriz\u00f3 con gran sentir que \u00abpresentarlo en un espacio tan especial como la FILVEN, realmente fue un regalo, porque este libro naci\u00f3 de muchos sentimientos\u00bb.<\/p>\n\n\n\n<figure class=\"wp-block-gallery has-nested-images columns-default is-cropped wp-block-gallery-1 is-layout-flex wp-block-gallery-is-layout-flex\">\n<figure class=\"wp-block-image size-large\"><img decoding=\"async\" width=\"1024\" height=\"683\" data-id=\"21553\" src=\"https:\/\/prensapresidencialvenezuela.gob.ve\/wp-content\/uploads\/2025\/07\/photo_5163931732687302376_w-1024x683.jpg\" alt=\"\" class=\"wp-image-21553\" srcset=\"https:\/\/prensapresidencialvenezuela.gob.ve\/wp-content\/uploads\/2025\/07\/photo_5163931732687302376_w-1024x683.jpg 1024w, https:\/\/prensapresidencialvenezuela.gob.ve\/wp-content\/uploads\/2025\/07\/photo_5163931732687302376_w-300x200.jpg 300w, https:\/\/prensapresidencialvenezuela.gob.ve\/wp-content\/uploads\/2025\/07\/photo_5163931732687302376_w-768x512.jpg 768w, https:\/\/prensapresidencialvenezuela.gob.ve\/wp-content\/uploads\/2025\/07\/photo_5163931732687302376_w-1536x1024.jpg 1536w, https:\/\/prensapresidencialvenezuela.gob.ve\/wp-content\/uploads\/2025\/07\/photo_5163931732687302376_w-2048x1366.jpg 2048w\" sizes=\"(max-width: 1024px) 100vw, 1024px\" \/><\/figure>\n\n\n\n<figure class=\"wp-block-image size-large\"><img decoding=\"async\" width=\"1024\" height=\"682\" data-id=\"21554\" src=\"https:\/\/prensapresidencialvenezuela.gob.ve\/wp-content\/uploads\/2025\/07\/photo_5163931732687302358_w-1024x682.jpg\" alt=\"\" class=\"wp-image-21554\" srcset=\"https:\/\/prensapresidencialvenezuela.gob.ve\/wp-content\/uploads\/2025\/07\/photo_5163931732687302358_w-1024x682.jpg 1024w, https:\/\/prensapresidencialvenezuela.gob.ve\/wp-content\/uploads\/2025\/07\/photo_5163931732687302358_w-300x200.jpg 300w, https:\/\/prensapresidencialvenezuela.gob.ve\/wp-content\/uploads\/2025\/07\/photo_5163931732687302358_w-768x512.jpg 768w, https:\/\/prensapresidencialvenezuela.gob.ve\/wp-content\/uploads\/2025\/07\/photo_5163931732687302358_w-1536x1024.jpg 1536w, https:\/\/prensapresidencialvenezuela.gob.ve\/wp-content\/uploads\/2025\/07\/photo_5163931732687302358_w-2048x1365.jpg 2048w\" sizes=\"(max-width: 1024px) 100vw, 1024px\" \/><\/figure>\n<\/figure>\n\n\n\n<p>Para finalizar, el L\u00edder venezolano ha definido a la FILVEN como un espacio de lectura que se ha superado a s\u00ed misma, y por ello, la consigna \u00ableer humaniza\u00bb, la cual complement\u00f3 con la de \u00abmenos pantalla, m\u00e1s libro\u00bb.<\/p>\n\n\n\n<p><strong>Prensa Presidencial\/ Irmary D\u00edaz<\/strong><\/p>\n","protected":false},"excerpt":{"rendered":"<p>Bellas Artes, Caracas. \u2013 El presidente de la Rep\u00fablica Bolivariana de Venezuela, Nicol\u00e1s Maduro Moros, destac\u00f3 como exitosa la Feria Internacional de Libro de Venezuela (FILVEN) 2025,que no solo ha contado con la participaci\u00f3n especial de Egipto, sino del estado venezolano, Guayana Esequiba. Asimismo, dijo durante el segmento Cultura, de su programa Con Maduro +, [&hellip;]<\/p>\n","protected":false},"author":1,"featured_media":21556,"comment_status":"open","ping_status":"open","sticky":false,"template":"","format":"standard","meta":{"footnotes":""},"categories":[18,7],"tags":[],"class_list":["post-21550","post","type-post","status-publish","format-standard","has-post-thumbnail","hentry","category-noticias-principales","category-notas-de-prensa"],"_links":{"self":[{"href":"https:\/\/prensapresidencialvenezuela.gob.ve\/index.php\/wp-json\/wp\/v2\/posts\/21550","targetHints":{"allow":["GET"]}}],"collection":[{"href":"https:\/\/prensapresidencialvenezuela.gob.ve\/index.php\/wp-json\/wp\/v2\/posts"}],"about":[{"href":"https:\/\/prensapresidencialvenezuela.gob.ve\/index.php\/wp-json\/wp\/v2\/types\/post"}],"author":[{"embeddable":true,"href":"https:\/\/prensapresidencialvenezuela.gob.ve\/index.php\/wp-json\/wp\/v2\/users\/1"}],"replies":[{"embeddable":true,"href":"https:\/\/prensapresidencialvenezuela.gob.ve\/index.php\/wp-json\/wp\/v2\/comments?post=21550"}],"version-history":[{"count":1,"href":"https:\/\/prensapresidencialvenezuela.gob.ve\/index.php\/wp-json\/wp\/v2\/posts\/21550\/revisions"}],"predecessor-version":[{"id":21555,"href":"https:\/\/prensapresidencialvenezuela.gob.ve\/index.php\/wp-json\/wp\/v2\/posts\/21550\/revisions\/21555"}],"wp:featuredmedia":[{"embeddable":true,"href":"https:\/\/prensapresidencialvenezuela.gob.ve\/index.php\/wp-json\/wp\/v2\/media\/21556"}],"wp:attachment":[{"href":"https:\/\/prensapresidencialvenezuela.gob.ve\/index.php\/wp-json\/wp\/v2\/media?parent=21550"}],"wp:term":[{"taxonomy":"category","embeddable":true,"href":"https:\/\/prensapresidencialvenezuela.gob.ve\/index.php\/wp-json\/wp\/v2\/categories?post=21550"},{"taxonomy":"post_tag","embeddable":true,"href":"https:\/\/prensapresidencialvenezuela.gob.ve\/index.php\/wp-json\/wp\/v2\/tags?post=21550"}],"curies":[{"name":"wp","href":"https:\/\/api.w.org\/{rel}","templated":true}]}}