{"id":21557,"date":"2025-07-14T22:24:17","date_gmt":"2025-07-15T02:24:17","guid":{"rendered":"https:\/\/prensapresidencialvenezuela.gob.ve\/?p=21557"},"modified":"2025-07-14T22:24:18","modified_gmt":"2025-07-15T02:24:18","slug":"venezuela-llama-a-la-paz-para-detener-expansion-de-la-tercera-guerra-mundial","status":"publish","type":"post","link":"https:\/\/prensapresidencialvenezuela.gob.ve\/index.php\/2025\/07\/14\/venezuela-llama-a-la-paz-para-detener-expansion-de-la-tercera-guerra-mundial\/","title":{"rendered":"Venezuela llama a la paz para detener expansi\u00f3n de la Tercera Guerra Mundial"},"content":{"rendered":"\n<p><strong>Palacio de Miraflores, Caracas.- <\/strong>En un momento de creciente tensi\u00f3n geopol\u00edtica global, el presidente de la Rep\u00fablica Bolivariana de Venezuela, Nicol\u00e1s Maduro Moros, hizo un llamado a la comunidad internacional para evitar la expansi\u00f3n de lo que denomin\u00f3 la \u00abtercera guerra mundial en desarrollo\u00bb.<\/p>\n\n\n\n<p>El Mandatario Nacional, durante la secci\u00f3n Zona Digital de su programa Con Maduro +, edici\u00f3n n\u00famero 85, insisti\u00f3 en la necesidad de desescalar conflictos globales y forjar acuerdos de paz, para prevenir cualquier cat\u00e1strofe de amplia proporciones.<\/p>\n\n\n\n<p>Resalt\u00f3 una visi\u00f3n geopol\u00edtica que considera los conflictos actuales como manifestaciones interconectadas de una \u00fanica guerra geopol\u00edtica cuyo objetivo es imponer el dominio nazi sionista e imperialista de todo Occidente.<\/p>\n\n\n\n<p>De igual manera, hizo \u00e9nfasis en que, a pesar de las apariencias, Estados Unidos y Europa comparten objetivos comunes, buscando desmantelar a Rusia y China como potencias globales.<\/p>\n\n\n\n<p>En tal sentido, propuso una estrategia de desmontaje de los campos minados geopol\u00edticos, similar a la desactivaci\u00f3n de minas explosivas. Esta estrategia incluye acuerdos de paz para la guerra en Ucrania, poner fin al genocidio palestino, cesar la agresi\u00f3n contra L\u00edbano, Siria, Irak e Ir\u00e1n y el respeto al principio de una sola China.<\/p>\n\n\n\n<p><strong>Venezuela: Una Potencia Bolivariana de Paz<\/strong><\/p>\n\n\n\n<p>En este contexto, ha ratificado una propuesta modesta pero firme para una Gran Cumbre Mundial de Paz, enfatizando que la paz no ser\u00e1 impuesta por las grandes potencias, sino por las naciones que verdaderamente la anhelan.<\/p>\n\n\n\n<p>El presidente&nbsp; Maduro inform\u00f3 que se han dirigido cartas a varios l\u00edderes de Am\u00e9rica Latina, incluyendo al presidente de Colombia, Gustavo Petro, quien, como presidente de la Comunidad de Estados Latinoamericanos y Caribe\u00f1os (CELAC), est\u00e1 impulsando iniciativas para que la regi\u00f3n tenga una voz activa en la b\u00fasqueda de la paz.<\/p>\n\n\n\n<p><strong>Prensa Presidencial \/ Iliana Rosales<\/strong><\/p>\n","protected":false},"excerpt":{"rendered":"<p>Palacio de Miraflores, Caracas.- En un momento de creciente tensi\u00f3n geopol\u00edtica global, el presidente de la Rep\u00fablica Bolivariana de Venezuela, Nicol\u00e1s Maduro Moros, hizo un llamado a la comunidad internacional para evitar la expansi\u00f3n de lo que denomin\u00f3 la \u00abtercera guerra mundial en desarrollo\u00bb. El Mandatario Nacional, durante la secci\u00f3n Zona Digital de su programa [&hellip;]<\/p>\n","protected":false},"author":1,"featured_media":21558,"comment_status":"open","ping_status":"open","sticky":false,"template":"","format":"standard","meta":{"footnotes":""},"categories":[18,7],"tags":[],"class_list":["post-21557","post","type-post","status-publish","format-standard","has-post-thumbnail","hentry","category-noticias-principales","category-notas-de-prensa"],"_links":{"self":[{"href":"https:\/\/prensapresidencialvenezuela.gob.ve\/index.php\/wp-json\/wp\/v2\/posts\/21557","targetHints":{"allow":["GET"]}}],"collection":[{"href":"https:\/\/prensapresidencialvenezuela.gob.ve\/index.php\/wp-json\/wp\/v2\/posts"}],"about":[{"href":"https:\/\/prensapresidencialvenezuela.gob.ve\/index.php\/wp-json\/wp\/v2\/types\/post"}],"author":[{"embeddable":true,"href":"https:\/\/prensapresidencialvenezuela.gob.ve\/index.php\/wp-json\/wp\/v2\/users\/1"}],"replies":[{"embeddable":true,"href":"https:\/\/prensapresidencialvenezuela.gob.ve\/index.php\/wp-json\/wp\/v2\/comments?post=21557"}],"version-history":[{"count":1,"href":"https:\/\/prensapresidencialvenezuela.gob.ve\/index.php\/wp-json\/wp\/v2\/posts\/21557\/revisions"}],"predecessor-version":[{"id":21559,"href":"https:\/\/prensapresidencialvenezuela.gob.ve\/index.php\/wp-json\/wp\/v2\/posts\/21557\/revisions\/21559"}],"wp:featuredmedia":[{"embeddable":true,"href":"https:\/\/prensapresidencialvenezuela.gob.ve\/index.php\/wp-json\/wp\/v2\/media\/21558"}],"wp:attachment":[{"href":"https:\/\/prensapresidencialvenezuela.gob.ve\/index.php\/wp-json\/wp\/v2\/media?parent=21557"}],"wp:term":[{"taxonomy":"category","embeddable":true,"href":"https:\/\/prensapresidencialvenezuela.gob.ve\/index.php\/wp-json\/wp\/v2\/categories?post=21557"},{"taxonomy":"post_tag","embeddable":true,"href":"https:\/\/prensapresidencialvenezuela.gob.ve\/index.php\/wp-json\/wp\/v2\/tags?post=21557"}],"curies":[{"name":"wp","href":"https:\/\/api.w.org\/{rel}","templated":true}]}}