{"id":21560,"date":"2025-07-14T22:52:52","date_gmt":"2025-07-15T02:52:52","guid":{"rendered":"https:\/\/prensapresidencialvenezuela.gob.ve\/?p=21560"},"modified":"2025-07-14T22:54:47","modified_gmt":"2025-07-15T02:54:47","slug":"rosines-chavez-y-la-barca-de-los-suenos-inconclusos","status":"publish","type":"post","link":"https:\/\/prensapresidencialvenezuela.gob.ve\/index.php\/2025\/07\/14\/rosines-chavez-y-la-barca-de-los-suenos-inconclusos\/","title":{"rendered":"Rosin\u00e9s Ch\u00e1vez y \u00abLa barca de los sue\u00f1os inconclusos\u00bb"},"content":{"rendered":"\n<p><strong>L\u00edneas literarias que describen la etapa de una ni\u00f1a que intentaba sobrellevar y comprender la partida f\u00edsica de su padre, el comandante Eterno, Hugo Ch\u00e1vez. <\/strong><\/p>\n\n\n\n<p><strong>Bellas Artes, Caracas. \u2013 \u00ab<\/strong>La barca de nuestros sue\u00f1os inconclusos\u00bb, un libro que naci\u00f3 desde la emotividad de una ni\u00f1a de 15 a\u00f1os que trataba de sobrellevar y comprender la partida f\u00edsica de su padre, el comandante Eterno, Hugo Ch\u00e1vez, un hombre que marc\u00f3 la historia de la Rep\u00fablica Bolivariana de Venezuela.<\/p>\n\n\n\n<figure class=\"wp-block-image size-large\"><img fetchpriority=\"high\" decoding=\"async\" width=\"895\" height=\"1024\" src=\"https:\/\/prensapresidencialvenezuela.gob.ve\/wp-content\/uploads\/2025\/07\/04_ZC__0286_P-895x1024.jpg\" alt=\"\" class=\"wp-image-21564\" srcset=\"https:\/\/prensapresidencialvenezuela.gob.ve\/wp-content\/uploads\/2025\/07\/04_ZC__0286_P-895x1024.jpg 895w, https:\/\/prensapresidencialvenezuela.gob.ve\/wp-content\/uploads\/2025\/07\/04_ZC__0286_P-262x300.jpg 262w, https:\/\/prensapresidencialvenezuela.gob.ve\/wp-content\/uploads\/2025\/07\/04_ZC__0286_P-768x879.jpg 768w, https:\/\/prensapresidencialvenezuela.gob.ve\/wp-content\/uploads\/2025\/07\/04_ZC__0286_P-1342x1536.jpg 1342w, https:\/\/prensapresidencialvenezuela.gob.ve\/wp-content\/uploads\/2025\/07\/04_ZC__0286_P.jpg 1748w\" sizes=\"(max-width: 895px) 100vw, 895px\" \/><\/figure>\n\n\n\n<p>En este sentido, Rosin\u00e9s resalt\u00f3 con relaci\u00f3n a un dibujo que ese encuentra en la portada de esta obra literaria, que \u00abesa era la barca de nuestros sue\u00f1os inconclusos, y que las casualidades no existen\u00bb, por lo que, con los a\u00f1os, se convirti\u00f3 en una frase que marcar\u00eda un durante y un despu\u00e9s de su ni\u00f1ez.<\/p>\n\n\n\n<p>Al mismo tiempo, la joven escritora exterioriz\u00f3 con gran sentir que el haberlo presentado en un espacio tan especial como la FILVEN, realmente fue un regalo, porque \u00abeste libro naci\u00f3 de muchos sentimientos, incomprensi\u00f3n, frustraci\u00f3n, dolor, porque hablar desde el dolor, no es f\u00e1cil\u00bb, aunque el hecho de escribir ayuda a drenar y utilizar estas hojas en blanco para sanar emociones que no entendemos de ni\u00f1os\u00bb.&nbsp;<\/p>\n\n\n\n<p>\u00abEste libro fue para mi un proyecto interno, personal, terap\u00e9utico para intentar entender las experiencias de la vida misma, porque el libro es un v\u00ednculo con el ser humano, con uno mismo\u00bb, subray\u00f3.<\/p>\n\n\n\n<p>Asimismo, Ch\u00e1vez Rodr\u00edguez celebr\u00f3 la iniciativa del presidente Nicol\u00e1s Maduro, quien con su iniciativa permiti\u00f3 que se retomaran y fortalecieran los espacios de lectura en papel, en f\u00edsico, aseverando a su vez, que \u00abuno como generaci\u00f3n joven se acostumbra mucho a la pantalla sin saber todo el peligro que hay detr\u00e1s de ella\u00bb.<\/p>\n\n\n\n<p>Por otra parte, coment\u00f3 que este libro fue escrito como un regalo a su padre, que para el pueblo es el Comandante, ya que \u00abno solo fue escrito desde mi alma y coraz\u00f3n, sino desde el coraz\u00f3n de millones de personas que yo s\u00e9 que lo extra\u00f1an, los buscan y a\u00f1oran\u00bb.<\/p>\n\n\n\n<p>En el mismo contexto, expres\u00f3 que esta fue una manera de honrar su memoria y continuar recordando sus sue\u00f1os; y por este motivo, el hecho de haber podido \u00abutilizar estos espacios, es una alegr\u00eda inmensa\u00bb, en vista que ya estas l\u00edneas plasmadas en f\u00edsico est\u00e1n no solo en las manos de sus familiares, sino del pueblo que la ha visto crecer.<\/p>\n\n\n\n<p><strong>Prensa Presidencial\/ Irmary D\u00edaz<\/strong><\/p>\n","protected":false},"excerpt":{"rendered":"<p>L\u00edneas literarias que describen la etapa de una ni\u00f1a que intentaba sobrellevar y comprender la partida f\u00edsica de su padre, el comandante Eterno, Hugo Ch\u00e1vez. Bellas Artes, Caracas. \u2013 \u00abLa barca de nuestros sue\u00f1os inconclusos\u00bb, un libro que naci\u00f3 desde la emotividad de una ni\u00f1a de 15 a\u00f1os que trataba de sobrellevar y comprender la [&hellip;]<\/p>\n","protected":false},"author":1,"featured_media":21563,"comment_status":"open","ping_status":"open","sticky":false,"template":"","format":"standard","meta":{"footnotes":""},"categories":[18,7],"tags":[],"class_list":["post-21560","post","type-post","status-publish","format-standard","has-post-thumbnail","hentry","category-noticias-principales","category-notas-de-prensa"],"_links":{"self":[{"href":"https:\/\/prensapresidencialvenezuela.gob.ve\/index.php\/wp-json\/wp\/v2\/posts\/21560","targetHints":{"allow":["GET"]}}],"collection":[{"href":"https:\/\/prensapresidencialvenezuela.gob.ve\/index.php\/wp-json\/wp\/v2\/posts"}],"about":[{"href":"https:\/\/prensapresidencialvenezuela.gob.ve\/index.php\/wp-json\/wp\/v2\/types\/post"}],"author":[{"embeddable":true,"href":"https:\/\/prensapresidencialvenezuela.gob.ve\/index.php\/wp-json\/wp\/v2\/users\/1"}],"replies":[{"embeddable":true,"href":"https:\/\/prensapresidencialvenezuela.gob.ve\/index.php\/wp-json\/wp\/v2\/comments?post=21560"}],"version-history":[{"count":2,"href":"https:\/\/prensapresidencialvenezuela.gob.ve\/index.php\/wp-json\/wp\/v2\/posts\/21560\/revisions"}],"predecessor-version":[{"id":21565,"href":"https:\/\/prensapresidencialvenezuela.gob.ve\/index.php\/wp-json\/wp\/v2\/posts\/21560\/revisions\/21565"}],"wp:featuredmedia":[{"embeddable":true,"href":"https:\/\/prensapresidencialvenezuela.gob.ve\/index.php\/wp-json\/wp\/v2\/media\/21563"}],"wp:attachment":[{"href":"https:\/\/prensapresidencialvenezuela.gob.ve\/index.php\/wp-json\/wp\/v2\/media?parent=21560"}],"wp:term":[{"taxonomy":"category","embeddable":true,"href":"https:\/\/prensapresidencialvenezuela.gob.ve\/index.php\/wp-json\/wp\/v2\/categories?post=21560"},{"taxonomy":"post_tag","embeddable":true,"href":"https:\/\/prensapresidencialvenezuela.gob.ve\/index.php\/wp-json\/wp\/v2\/tags?post=21560"}],"curies":[{"name":"wp","href":"https:\/\/api.w.org\/{rel}","templated":true}]}}