{"id":21566,"date":"2025-07-14T23:45:34","date_gmt":"2025-07-15T03:45:34","guid":{"rendered":"https:\/\/prensapresidencialvenezuela.gob.ve\/?p=21566"},"modified":"2025-07-14T23:45:49","modified_gmt":"2025-07-15T03:45:49","slug":"81-obras-venezolanas-formaron-parte-del-premio-internacional-romulo-gallegos","status":"publish","type":"post","link":"https:\/\/prensapresidencialvenezuela.gob.ve\/index.php\/2025\/07\/14\/81-obras-venezolanas-formaron-parte-del-premio-internacional-romulo-gallegos\/","title":{"rendered":"81 obras venezolanas formaron parte del Premio Internacional R\u00f3mulo Gallegos"},"content":{"rendered":"\n<p><strong>Bellas Artes, Caracas. \u2013 <\/strong>A prop\u00f3sito del Premio Internacional R\u00f3mulo Gallegos, el presidente de la Rep\u00fablica Bolivariana de Venezuela, Nicol\u00e1s Maduro Moros, destac\u00f3 que el d\u00eda de ayer, Venezuela fue testigo de uno de los m\u00e1s prestigiosos premios mundiales de literatura, ya que de 513 novelas que participaron, 474 fueron escogidas, y 81 eran venezolanas.<\/p>\n\n\n\n<p>Al respecto, el jefe de Estado resalt\u00f3 que el hecho de que millones de mujeres y hombres, de todas las edades, est\u00e9n escribiendo, se est\u00e1 haciendo y cumpliendo con el objetivo, \u00abuna revoluci\u00f3n espiritual de la lectura y la escritura\u00bb; raz\u00f3n por la cual, agradeci\u00f3 la labor del jurado por su dedicaci\u00f3n al revisar cada una de las obras literarias que participaron en este premio.<\/p>\n\n\n\n<figure class=\"wp-block-image size-large\"><img fetchpriority=\"high\" decoding=\"async\" width=\"849\" height=\"1024\" src=\"https:\/\/prensapresidencialvenezuela.gob.ve\/wp-content\/uploads\/2025\/07\/02_ZC__0255_P-1-849x1024.jpg\" alt=\"\" class=\"wp-image-21575\" srcset=\"https:\/\/prensapresidencialvenezuela.gob.ve\/wp-content\/uploads\/2025\/07\/02_ZC__0255_P-1-849x1024.jpg 849w, https:\/\/prensapresidencialvenezuela.gob.ve\/wp-content\/uploads\/2025\/07\/02_ZC__0255_P-1-249x300.jpg 249w, https:\/\/prensapresidencialvenezuela.gob.ve\/wp-content\/uploads\/2025\/07\/02_ZC__0255_P-1-768x926.jpg 768w, https:\/\/prensapresidencialvenezuela.gob.ve\/wp-content\/uploads\/2025\/07\/02_ZC__0255_P-1-1273x1536.jpg 1273w, https:\/\/prensapresidencialvenezuela.gob.ve\/wp-content\/uploads\/2025\/07\/02_ZC__0255_P-1.jpg 1658w\" sizes=\"(max-width: 849px) 100vw, 849px\" \/><\/figure>\n\n\n\n<p>Por su parte, Pedro Calzadilla, Presidente del Centro de Estudios Latinoamericanos y del Caribe, indic\u00f3 que las 81 obras venezolanas que participan en este galard\u00f3n, representan el 16%, y que \u00abeste es un mensaje para el mundo, sobre que Venezuela est\u00e1 de pie en su cultura, espiritualidad, y con una enorme credibilidad en el \u00e1mbito acad\u00e9mico, literario y cultura en nuestra Am\u00e9rica\u00bb.<\/p>\n\n\n\n<p>En este contexto, Calzadilla record\u00f3 que en este 2025 se cumplen 100 a\u00f1os de la novela \u00abLa Trepadora\u00bb, raz\u00f3n por la que enfatiz\u00f3 que desde el Centro de Estudios Latinoamericanos y del Caribe R\u00f3mulo Gallegos (CELARG), han tenido la iniciativa de que la obra de R\u00f3mulo Gallegos se convierta en una de las l\u00edneas centrales de este Plan Nacional de Lectura, que ser\u00e1 lanzado dentro de poco.<\/p>\n\n\n\n<p>Al mismo tiempo, destac\u00f3 que el Premio Internacional R\u00f3mulo Gallegos, fue otorgado al escritor argentino Vicente Batista, autor del libro enigm\u00e1tico y aleccionador \u00abEl simulacro de los espejos\u00bb.&nbsp;<\/p>\n\n\n\n<p>Por su parte, el jefe del Comando Unificado de la Revoluci\u00f3n, Jorge Rodr\u00edguez, destac\u00f3 con relaci\u00f3n al auge que ha tenido la lectura, en Revoluci\u00f3n, que \u00aba estas alturas se ven los frutos del inmenso \u00e9nfasis e \u00edmpetu que asent\u00f3 el comandante Ch\u00e1vez\u00bb, sobre el proceso revolucionario, que se ha fortalecido con el desarrollo que le ha dado el presidente Nicol\u00e1s Maduro a la lectura, al alentar a los escritores desde muy j\u00f3venes.<\/p>\n\n\n\n<p><strong>Prensa Presidencial\/ Irmary D\u00edaz<\/strong><\/p>\n","protected":false},"excerpt":{"rendered":"<p>Bellas Artes, Caracas. \u2013 A prop\u00f3sito del Premio Internacional R\u00f3mulo Gallegos, el presidente de la Rep\u00fablica Bolivariana de Venezuela, Nicol\u00e1s Maduro Moros, destac\u00f3 que el d\u00eda de ayer, Venezuela fue testigo de uno de los m\u00e1s prestigiosos premios mundiales de literatura, ya que de 513 novelas que participaron, 474 fueron escogidas, y 81 eran venezolanas. [&hellip;]<\/p>\n","protected":false},"author":1,"featured_media":21573,"comment_status":"open","ping_status":"open","sticky":false,"template":"","format":"standard","meta":{"footnotes":""},"categories":[18,7],"tags":[],"class_list":["post-21566","post","type-post","status-publish","format-standard","has-post-thumbnail","hentry","category-noticias-principales","category-notas-de-prensa"],"_links":{"self":[{"href":"https:\/\/prensapresidencialvenezuela.gob.ve\/index.php\/wp-json\/wp\/v2\/posts\/21566","targetHints":{"allow":["GET"]}}],"collection":[{"href":"https:\/\/prensapresidencialvenezuela.gob.ve\/index.php\/wp-json\/wp\/v2\/posts"}],"about":[{"href":"https:\/\/prensapresidencialvenezuela.gob.ve\/index.php\/wp-json\/wp\/v2\/types\/post"}],"author":[{"embeddable":true,"href":"https:\/\/prensapresidencialvenezuela.gob.ve\/index.php\/wp-json\/wp\/v2\/users\/1"}],"replies":[{"embeddable":true,"href":"https:\/\/prensapresidencialvenezuela.gob.ve\/index.php\/wp-json\/wp\/v2\/comments?post=21566"}],"version-history":[{"count":2,"href":"https:\/\/prensapresidencialvenezuela.gob.ve\/index.php\/wp-json\/wp\/v2\/posts\/21566\/revisions"}],"predecessor-version":[{"id":21576,"href":"https:\/\/prensapresidencialvenezuela.gob.ve\/index.php\/wp-json\/wp\/v2\/posts\/21566\/revisions\/21576"}],"wp:featuredmedia":[{"embeddable":true,"href":"https:\/\/prensapresidencialvenezuela.gob.ve\/index.php\/wp-json\/wp\/v2\/media\/21573"}],"wp:attachment":[{"href":"https:\/\/prensapresidencialvenezuela.gob.ve\/index.php\/wp-json\/wp\/v2\/media?parent=21566"}],"wp:term":[{"taxonomy":"category","embeddable":true,"href":"https:\/\/prensapresidencialvenezuela.gob.ve\/index.php\/wp-json\/wp\/v2\/categories?post=21566"},{"taxonomy":"post_tag","embeddable":true,"href":"https:\/\/prensapresidencialvenezuela.gob.ve\/index.php\/wp-json\/wp\/v2\/tags?post=21566"}],"curies":[{"name":"wp","href":"https:\/\/api.w.org\/{rel}","templated":true}]}}