{"id":21577,"date":"2025-07-15T00:13:13","date_gmt":"2025-07-15T04:13:13","guid":{"rendered":"https:\/\/prensapresidencialvenezuela.gob.ve\/?p=21577"},"modified":"2025-07-15T00:13:13","modified_gmt":"2025-07-15T04:13:13","slug":"palestina-pais-invitado-de-honor-en-el-festival-mundial-de-la-poesia-2025","status":"publish","type":"post","link":"https:\/\/prensapresidencialvenezuela.gob.ve\/index.php\/2025\/07\/15\/palestina-pais-invitado-de-honor-en-el-festival-mundial-de-la-poesia-2025\/","title":{"rendered":"Palestina, pa\u00eds invitado de honor en el Festival Mundial de la Poes\u00eda 2025\u00a0"},"content":{"rendered":"\n<p><strong>Bellas Artes, Caracas. \u2013 <\/strong>Con relaci\u00f3n al Festival Mundial de la Poes\u00eda 2025, el vicepresidente de Comunicaci\u00f3n y Cultura, Freddy \u00d1\u00e1\u00f1ez, afirm\u00f3 que este es la continuaci\u00f3n de la Feria Internacional del Libro (FILVEN), por lo que destac\u00f3 que \u00abla poes\u00eda canta, celebra y combate\u00bb.<\/p>\n\n\n\n<p>El tambi\u00e9n ministro del Poder Popular para la Comunicaci\u00f3n e Informaci\u00f3n, destac\u00f3 que, en esta edici\u00f3n, Palestina ser\u00e1 el pa\u00eds invitado de honor, y de esta manera promover el intercambio cultural entre ambas naciones.<\/p>\n\n\n\n<p>En este orden de ideas, el presidente de la Rep\u00fablica Bolivariana de Venezuela, Nicol\u00e1s Maduro Moros, asever\u00f3 que actualmente existe un resurgimiento de la literatura venezolana, y que \u00abla juventud venezolana est\u00e1 fijando su propio camino\u00bb.&nbsp;<\/p>\n\n\n\n<p>Por ello, uno de los j\u00f3venes participantes en este espacio de l\u00edneas po\u00e9ticas, expres\u00f3 respecto a su experiencia, esto ha sido una expansi\u00f3n del conocimiento y del sentir humano.<\/p>\n\n\n\n<p>Por \u00faltimo, el Ministro \u00d1\u00e1\u00f1ez resalt\u00f3 que una de las poetas homenajeadas en este festival, es Bel\u00e9n Ojeda, una docente y poeta extraordinaria de la Universidad Nacional Experimental de las Artes (UNEARTE).<\/p>\n\n\n\n<p><strong>Prensa Presidencial\/ Irmary D\u00edaz<\/strong><\/p>\n","protected":false},"excerpt":{"rendered":"<p>Bellas Artes, Caracas. \u2013 Con relaci\u00f3n al Festival Mundial de la Poes\u00eda 2025, el vicepresidente de Comunicaci\u00f3n y Cultura, Freddy \u00d1\u00e1\u00f1ez, afirm\u00f3 que este es la continuaci\u00f3n de la Feria Internacional del Libro (FILVEN), por lo que destac\u00f3 que \u00abla poes\u00eda canta, celebra y combate\u00bb. El tambi\u00e9n ministro del Poder Popular para la Comunicaci\u00f3n e [&hellip;]<\/p>\n","protected":false},"author":14,"featured_media":21578,"comment_status":"open","ping_status":"open","sticky":false,"template":"","format":"standard","meta":{"footnotes":""},"categories":[18,7],"tags":[],"class_list":["post-21577","post","type-post","status-publish","format-standard","has-post-thumbnail","hentry","category-noticias-principales","category-notas-de-prensa"],"_links":{"self":[{"href":"https:\/\/prensapresidencialvenezuela.gob.ve\/index.php\/wp-json\/wp\/v2\/posts\/21577","targetHints":{"allow":["GET"]}}],"collection":[{"href":"https:\/\/prensapresidencialvenezuela.gob.ve\/index.php\/wp-json\/wp\/v2\/posts"}],"about":[{"href":"https:\/\/prensapresidencialvenezuela.gob.ve\/index.php\/wp-json\/wp\/v2\/types\/post"}],"author":[{"embeddable":true,"href":"https:\/\/prensapresidencialvenezuela.gob.ve\/index.php\/wp-json\/wp\/v2\/users\/14"}],"replies":[{"embeddable":true,"href":"https:\/\/prensapresidencialvenezuela.gob.ve\/index.php\/wp-json\/wp\/v2\/comments?post=21577"}],"version-history":[{"count":1,"href":"https:\/\/prensapresidencialvenezuela.gob.ve\/index.php\/wp-json\/wp\/v2\/posts\/21577\/revisions"}],"predecessor-version":[{"id":21579,"href":"https:\/\/prensapresidencialvenezuela.gob.ve\/index.php\/wp-json\/wp\/v2\/posts\/21577\/revisions\/21579"}],"wp:featuredmedia":[{"embeddable":true,"href":"https:\/\/prensapresidencialvenezuela.gob.ve\/index.php\/wp-json\/wp\/v2\/media\/21578"}],"wp:attachment":[{"href":"https:\/\/prensapresidencialvenezuela.gob.ve\/index.php\/wp-json\/wp\/v2\/media?parent=21577"}],"wp:term":[{"taxonomy":"category","embeddable":true,"href":"https:\/\/prensapresidencialvenezuela.gob.ve\/index.php\/wp-json\/wp\/v2\/categories?post=21577"},{"taxonomy":"post_tag","embeddable":true,"href":"https:\/\/prensapresidencialvenezuela.gob.ve\/index.php\/wp-json\/wp\/v2\/tags?post=21577"}],"curies":[{"name":"wp","href":"https:\/\/api.w.org\/{rel}","templated":true}]}}