{"id":21580,"date":"2025-07-15T00:42:17","date_gmt":"2025-07-15T04:42:17","guid":{"rendered":"https:\/\/prensapresidencialvenezuela.gob.ve\/?p=21580"},"modified":"2025-07-15T00:42:44","modified_gmt":"2025-07-15T04:42:44","slug":"jefe-de-estado-seguiremos-construyendo-el-proyecto-original-del-comandante-hugo-chavez","status":"publish","type":"post","link":"https:\/\/prensapresidencialvenezuela.gob.ve\/index.php\/2025\/07\/15\/jefe-de-estado-seguiremos-construyendo-el-proyecto-original-del-comandante-hugo-chavez\/","title":{"rendered":"Jefe de Estado: \u00abSeguiremos construyendo el proyecto original del Comandante Hugo Ch\u00e1vez\u00bb"},"content":{"rendered":"\n<p><strong>Bellas Artes, Caracas. \u2013<\/strong> \u00abEn Venezuela estamos construyendo una democracia permanente y completa, y seguiremos construyendo el proyecto original del comandante Hugo Ch\u00e1vez\u00bb, enfatiz\u00f3 el presidente de la Rep\u00fablica Bolivariana de Venezuela, para referirse a las pr\u00f3ximas elecciones del 27 de julio.<\/p>\n\n\n\n<p>En la misma l\u00ednea, el jefe de Estado mencion\u00f3, durante el segmento \u00abM\u00e1s Democracia\u00bb, que Venezuela elegir\u00e1 el 27 de julio, 335 alcald\u00edas, destacando su vez, que \u00abla democracia que estamos perfeccionando no es solo por el derecho a elegir, sino a participar\u00bb.<\/p>\n\n\n\n<p>Por otra parte, el Mandatario Nacional record\u00f3 que en esta fecha no solo ser\u00e1 electos los alcaldes y alcaldesas, sino que, adem\u00e1s, se realizar\u00e1 la Consulta Popular de los proyectos de la juventud.<\/p>\n\n\n\n<p>En cuanto a la \u00abdemocracia burguesa\u00bb, la describi\u00f3 como espor\u00e1dica y enga\u00f1osa, en comparaci\u00f3n a la democracia participativa y protag\u00f3nica que se evidencia en el Gran Polo Patri\u00f3tico \u00abSim\u00f3n Bol\u00edvar\u00bb (GPPSB), el cual defini\u00f3 como una democracia directa, de consulta popular constante y trabajo continuo.<\/p>\n\n\n\n<p>Aunado a ello, el Presidente asever\u00f3 que ya lleg\u00f3 la hora de \u00abvoltear como una media\u00bb, a los Concejos Municipales, y que de ahora en adelante estar\u00e1n sujetos a la agenda de los Circuitos Comunales y del Poder Popular de base.<\/p>\n\n\n\n<p>Por su parte, el jefe del Comando Unificado de la Revoluci\u00f3n, Jorge Rodr\u00edguez, acot\u00f3 con relaci\u00f3n a las campa\u00f1as vac\u00edas en Baruta, que se\u00f1al\u00f3 que el alcalde opositor de la localidad solo se hace visible a trav\u00e9s de propagandas en pendones y afiches, denunciando candidaturas fabricadas bajo estrategias de marketing de la derecha venezolana.<\/p>\n\n\n\n<p>En el mismo contexto, Rodr\u00edguez resalt\u00f3 que para el domingo 27 de julio se tendr\u00e1n m\u00e1s de 15 mil centros de votaci\u00f3n para escoger alcaldes y alcaldesas, y concejos municipales, y que esto es una manera de mostrar que \u00abel pa\u00eds est\u00e1 enfrent\u00e1ndose a una manera distinta de entender la democracia verdadera\u00bb.&nbsp;<\/p>\n\n\n\n<p><strong>Prensa Presidencial\/ Irmary D\u00edaz<\/strong><\/p>\n","protected":false},"excerpt":{"rendered":"<p>Bellas Artes, Caracas. \u2013 \u00abEn Venezuela estamos construyendo una democracia permanente y completa, y seguiremos construyendo el proyecto original del comandante Hugo Ch\u00e1vez\u00bb, enfatiz\u00f3 el presidente de la Rep\u00fablica Bolivariana de Venezuela, para referirse a las pr\u00f3ximas elecciones del 27 de julio. En la misma l\u00ednea, el jefe de Estado mencion\u00f3, durante el segmento \u00abM\u00e1s [&hellip;]<\/p>\n","protected":false},"author":1,"featured_media":21583,"comment_status":"open","ping_status":"open","sticky":false,"template":"","format":"standard","meta":{"footnotes":""},"categories":[18,7],"tags":[],"class_list":["post-21580","post","type-post","status-publish","format-standard","has-post-thumbnail","hentry","category-noticias-principales","category-notas-de-prensa"],"_links":{"self":[{"href":"https:\/\/prensapresidencialvenezuela.gob.ve\/index.php\/wp-json\/wp\/v2\/posts\/21580","targetHints":{"allow":["GET"]}}],"collection":[{"href":"https:\/\/prensapresidencialvenezuela.gob.ve\/index.php\/wp-json\/wp\/v2\/posts"}],"about":[{"href":"https:\/\/prensapresidencialvenezuela.gob.ve\/index.php\/wp-json\/wp\/v2\/types\/post"}],"author":[{"embeddable":true,"href":"https:\/\/prensapresidencialvenezuela.gob.ve\/index.php\/wp-json\/wp\/v2\/users\/1"}],"replies":[{"embeddable":true,"href":"https:\/\/prensapresidencialvenezuela.gob.ve\/index.php\/wp-json\/wp\/v2\/comments?post=21580"}],"version-history":[{"count":1,"href":"https:\/\/prensapresidencialvenezuela.gob.ve\/index.php\/wp-json\/wp\/v2\/posts\/21580\/revisions"}],"predecessor-version":[{"id":21582,"href":"https:\/\/prensapresidencialvenezuela.gob.ve\/index.php\/wp-json\/wp\/v2\/posts\/21580\/revisions\/21582"}],"wp:featuredmedia":[{"embeddable":true,"href":"https:\/\/prensapresidencialvenezuela.gob.ve\/index.php\/wp-json\/wp\/v2\/media\/21583"}],"wp:attachment":[{"href":"https:\/\/prensapresidencialvenezuela.gob.ve\/index.php\/wp-json\/wp\/v2\/media?parent=21580"}],"wp:term":[{"taxonomy":"category","embeddable":true,"href":"https:\/\/prensapresidencialvenezuela.gob.ve\/index.php\/wp-json\/wp\/v2\/categories?post=21580"},{"taxonomy":"post_tag","embeddable":true,"href":"https:\/\/prensapresidencialvenezuela.gob.ve\/index.php\/wp-json\/wp\/v2\/tags?post=21580"}],"curies":[{"name":"wp","href":"https:\/\/api.w.org\/{rel}","templated":true}]}}