{"id":21584,"date":"2025-07-15T16:26:12","date_gmt":"2025-07-15T20:26:12","guid":{"rendered":"https:\/\/prensapresidencialvenezuela.gob.ve\/?p=21584"},"modified":"2025-07-15T16:26:12","modified_gmt":"2025-07-15T20:26:12","slug":"equipo-masculino-de-softbol-de-venezuela-recibe-orden-francisco-de-miranda-en-su-segunda-clase","status":"publish","type":"post","link":"https:\/\/prensapresidencialvenezuela.gob.ve\/index.php\/2025\/07\/15\/equipo-masculino-de-softbol-de-venezuela-recibe-orden-francisco-de-miranda-en-su-segunda-clase\/","title":{"rendered":"Equipo Masculino de Softbol de Venezuela recibe orden Francisco de Miranda en su Segunda Clase"},"content":{"rendered":"\n<p><strong>Palacio de Miraflores, Caracas.- <\/strong>El Palacio de Miraflores vibr\u00f3 este martes con la llegada de los campeones mundiales de softbol masculino de Venezuela. Tras conquistar la Copa Mundial 2025 en Prince Albert, Canad\u00e1, el equipo fue recibido por el presidente Nicol\u00e1s Maduro en el Sal\u00f3n Sim\u00f3n Bol\u00edvar, donde se les impuso la Orden Francisco de Miranda en su Segunda Clase, Grado Precursor.<\/p>\n\n\n\n<h2 class=\"wp-block-heading alignwide\">Este reconocimiento llega despu\u00e9s de una gesta memorable. La selecci\u00f3n venezolana se coron\u00f3 al derrotar 3-0 a Nueva Zelanda en un emocionante final, un hito sin precedentes en sus 11 participaciones mundialistas. \u00a1La Vinotinto del diamante hizo historia!<\/h2>\n\n\n\n<figure class=\"wp-block-image size-large\"><img fetchpriority=\"high\" decoding=\"async\" width=\"1009\" height=\"1024\" src=\"https:\/\/prensapresidencialvenezuela.gob.ve\/wp-content\/uploads\/2025\/07\/photo_5168084412011752964_y-1009x1024.jpg\" alt=\"\" class=\"wp-image-21586\" srcset=\"https:\/\/prensapresidencialvenezuela.gob.ve\/wp-content\/uploads\/2025\/07\/photo_5168084412011752964_y-1009x1024.jpg 1009w, https:\/\/prensapresidencialvenezuela.gob.ve\/wp-content\/uploads\/2025\/07\/photo_5168084412011752964_y-296x300.jpg 296w, https:\/\/prensapresidencialvenezuela.gob.ve\/wp-content\/uploads\/2025\/07\/photo_5168084412011752964_y-768x780.jpg 768w, https:\/\/prensapresidencialvenezuela.gob.ve\/wp-content\/uploads\/2025\/07\/photo_5168084412011752964_y.jpg 1261w\" sizes=\"(max-width: 1009px) 100vw, 1009px\" \/><\/figure>\n\n\n\n<p>El propio jefe de Estado venezolano fue el encargado de entregar las condecoraciones. El lunes, durante su programa <em>Con Maduro +,<\/em> edici\u00f3n n\u00famero 85, el presidente hab\u00eda expresado su orgullo por el desempe\u00f1o del equipo, afirmando que \u00abel deporte venezolano est\u00e1 brillando\u00bb.<\/p>\n\n\n\n<p>Los campeones aterrizaron este martes al mediod\u00eda en el Aeropuerto Internacional de Maiquet\u00eda, donde fueron recibidos inicialmente por el ministro del Poder Popular para el Deporte, Franklin Cardillo.<\/p>\n\n\n\n<figure class=\"wp-block-image size-large\"><img decoding=\"async\" width=\"782\" height=\"1024\" src=\"https:\/\/prensapresidencialvenezuela.gob.ve\/wp-content\/uploads\/2025\/07\/photo_5168084412011752966_y-782x1024.jpg\" alt=\"\" class=\"wp-image-21587\" srcset=\"https:\/\/prensapresidencialvenezuela.gob.ve\/wp-content\/uploads\/2025\/07\/photo_5168084412011752966_y-782x1024.jpg 782w, https:\/\/prensapresidencialvenezuela.gob.ve\/wp-content\/uploads\/2025\/07\/photo_5168084412011752966_y-229x300.jpg 229w, https:\/\/prensapresidencialvenezuela.gob.ve\/wp-content\/uploads\/2025\/07\/photo_5168084412011752966_y-768x1006.jpg 768w, https:\/\/prensapresidencialvenezuela.gob.ve\/wp-content\/uploads\/2025\/07\/photo_5168084412011752966_y.jpg 977w\" sizes=\"(max-width: 782px) 100vw, 782px\" \/><\/figure>\n\n\n\n<p>Luego, la algarab\u00eda se desbord\u00f3 en una colorida y alegre caravana, que acompa\u00f1\u00f3 a los peloteros hasta Caracas. El pueblo se volc\u00f3 a las calles para celebrar este logro, que resalta a\u00fan m\u00e1s al ser conquistado en medio de los desaf\u00edos econ\u00f3micos que enfrenta el pa\u00eds. A pesar de las m\u00e1s de 1 049 sanciones impuestas, que han impactado el financiamiento deportivo y la participaci\u00f3n de atletas en eventos globales, Venezuela demostr\u00f3 su garra y talento en el terreno de juego.<\/p>\n\n\n\n<p><strong>Prensa Presidencial \/ Iliana Rosales<\/strong><\/p>\n","protected":false},"excerpt":{"rendered":"<p>Palacio de Miraflores, Caracas.- El Palacio de Miraflores vibr\u00f3 este martes con la llegada de los campeones mundiales de softbol masculino de Venezuela. Tras conquistar la Copa Mundial 2025 en Prince Albert, Canad\u00e1, el equipo fue recibido por el presidente Nicol\u00e1s Maduro en el Sal\u00f3n Sim\u00f3n Bol\u00edvar, donde se les impuso la Orden Francisco de [&hellip;]<\/p>\n","protected":false},"author":1,"featured_media":21585,"comment_status":"open","ping_status":"open","sticky":false,"template":"","format":"standard","meta":{"footnotes":""},"categories":[18,7],"tags":[],"class_list":["post-21584","post","type-post","status-publish","format-standard","has-post-thumbnail","hentry","category-noticias-principales","category-notas-de-prensa"],"_links":{"self":[{"href":"https:\/\/prensapresidencialvenezuela.gob.ve\/index.php\/wp-json\/wp\/v2\/posts\/21584","targetHints":{"allow":["GET"]}}],"collection":[{"href":"https:\/\/prensapresidencialvenezuela.gob.ve\/index.php\/wp-json\/wp\/v2\/posts"}],"about":[{"href":"https:\/\/prensapresidencialvenezuela.gob.ve\/index.php\/wp-json\/wp\/v2\/types\/post"}],"author":[{"embeddable":true,"href":"https:\/\/prensapresidencialvenezuela.gob.ve\/index.php\/wp-json\/wp\/v2\/users\/1"}],"replies":[{"embeddable":true,"href":"https:\/\/prensapresidencialvenezuela.gob.ve\/index.php\/wp-json\/wp\/v2\/comments?post=21584"}],"version-history":[{"count":1,"href":"https:\/\/prensapresidencialvenezuela.gob.ve\/index.php\/wp-json\/wp\/v2\/posts\/21584\/revisions"}],"predecessor-version":[{"id":21588,"href":"https:\/\/prensapresidencialvenezuela.gob.ve\/index.php\/wp-json\/wp\/v2\/posts\/21584\/revisions\/21588"}],"wp:featuredmedia":[{"embeddable":true,"href":"https:\/\/prensapresidencialvenezuela.gob.ve\/index.php\/wp-json\/wp\/v2\/media\/21585"}],"wp:attachment":[{"href":"https:\/\/prensapresidencialvenezuela.gob.ve\/index.php\/wp-json\/wp\/v2\/media?parent=21584"}],"wp:term":[{"taxonomy":"category","embeddable":true,"href":"https:\/\/prensapresidencialvenezuela.gob.ve\/index.php\/wp-json\/wp\/v2\/categories?post=21584"},{"taxonomy":"post_tag","embeddable":true,"href":"https:\/\/prensapresidencialvenezuela.gob.ve\/index.php\/wp-json\/wp\/v2\/tags?post=21584"}],"curies":[{"name":"wp","href":"https:\/\/api.w.org\/{rel}","templated":true}]}}