{"id":21589,"date":"2025-07-15T16:40:35","date_gmt":"2025-07-15T20:40:35","guid":{"rendered":"https:\/\/prensapresidencialvenezuela.gob.ve\/?p=21589"},"modified":"2025-07-15T16:52:25","modified_gmt":"2025-07-15T20:52:25","slug":"tenemos-el-compromiso-de-ser-mas-grandes-seleccion-de-softbol-suena-ahora-con-conquistar-el-torneo-en-china","status":"publish","type":"post","link":"https:\/\/prensapresidencialvenezuela.gob.ve\/index.php\/2025\/07\/15\/tenemos-el-compromiso-de-ser-mas-grandes-seleccion-de-softbol-suena-ahora-con-conquistar-el-torneo-en-china\/","title":{"rendered":"\u00abTenemos el compromiso de ser m\u00e1s grandes\u00bb: Selecci\u00f3n de softbol sue\u00f1a ahora con conquistar el torneo en China"},"content":{"rendered":"\n<p><strong>Palacio de Miraflores, Caracas. &#8211; <\/strong>La selecci\u00f3n masculina de softbol de Venezuela, que se hizo campeona en la Copa Mundial 2025, disputada en la ciudad de Prince Albert, en Canad\u00e1, asegur\u00f3 este martes que el sue\u00f1o del equipo es hacerse m\u00e1s grande y conquistar el torneo que se realizar\u00e1 pr\u00f3ximamente en China.<\/p>\n\n\n\n<p>El capit\u00e1n del equipo, Rafael Flores, desde el Sal\u00f3n Sim\u00f3n Bol\u00edvar del Complejo de Miraflores, donde la selecci\u00f3n recibi\u00f3 la Orden Francisco de Miranda, en su Segunda Clase, grado Precursor, agradeci\u00f3 al Gobierno Bolivariano por los homenajes recibidos tras resultar ganadores de la contienda y ofreci\u00f3 un saludo en nombre de los campeones mundiales, asegurando que existe el compromiso de ellos de no solo quedarse en ser campeones mundiales, sino de mantener el nivel conquistado.<\/p>\n\n\n\n<h2 class=\"wp-block-heading alignwide\">\u00abLleg\u00f3 el momento de nosotros y hay que mantener esto y con ayuda de usted [presidente Maduro], del ministro y de nuestra vicepresidenta, esperamos contar con su apoyo. Le damos gracias, tuvimos todo a la mano, tuvimos un entrenamiento de tres meses, los muchachos tuvieron el compromiso, llegamos en excelentes condiciones\u00bb, narr\u00f3 sobre la experiencia de preparaci\u00f3n de cara a la Copa.<\/h2>\n\n\n\n<p>Igualmente, Flores ratific\u00f3 el compromiso de la selecci\u00f3n en seguir obteniendo m\u00e1s triunfos en nombre de Venezuela. \u00abCuente con este equipo, con todo el personal que tenemos aqu\u00ed para cualquier evento que pueda tener. Este equipo va a ser mucho m\u00e1s grande y nos queda ahora el campeonato de China\u00bb, sostuvo.<\/p>\n\n\n\n<figure class=\"wp-block-image size-large\"><img fetchpriority=\"high\" decoding=\"async\" width=\"1024\" height=\"682\" src=\"https:\/\/prensapresidencialvenezuela.gob.ve\/wp-content\/uploads\/2025\/07\/photo_5168084412011753032_y-1024x682.jpg\" alt=\"\" class=\"wp-image-21591\" srcset=\"https:\/\/prensapresidencialvenezuela.gob.ve\/wp-content\/uploads\/2025\/07\/photo_5168084412011753032_y-1024x682.jpg 1024w, https:\/\/prensapresidencialvenezuela.gob.ve\/wp-content\/uploads\/2025\/07\/photo_5168084412011753032_y-300x200.jpg 300w, https:\/\/prensapresidencialvenezuela.gob.ve\/wp-content\/uploads\/2025\/07\/photo_5168084412011753032_y-768x512.jpg 768w, https:\/\/prensapresidencialvenezuela.gob.ve\/wp-content\/uploads\/2025\/07\/photo_5168084412011753032_y.jpg 1280w\" sizes=\"(max-width: 1024px) 100vw, 1024px\" \/><\/figure>\n\n\n\n<p><strong>H\u00e9roes de la naci\u00f3n<\/strong><\/p>\n\n\n\n<p>El ministro del Poder Popular del Deporte, Franklin Cardillo, expres\u00f3 que el equipo se ha convertido en \u00abh\u00e9roes de la naci\u00f3n\u00bb.<\/p>\n\n\n\n<p>\u00abNo se imaginan lo que han logrado. Hemos participado en 11 ediciones de campeonatos mundiales, obteniendo un tercer lugar, un segundo lugar; y estos j\u00f3venes que est\u00e1n aqu\u00ed hoy, producto de su apoyo, de su trabajo y de sus orientaciones, en cuanto a la planificaci\u00f3n y organizaci\u00f3n de todo el cuerpo t\u00e9cnico que nos acompa\u00f1a\u2026, hemos trabajado de la mano con todo un equipo multidisciplinario e interdisciplinario\u2026 y hoy consagramos campeones a la mejor selecci\u00f3n del mundo. Mis felicitaciones y mi cari\u00f1o para cada uno de ustedes\u00bb, dijo durante el acto de condecoraci\u00f3n encabezado por el presidente de la Rep\u00fablica Bolivariana de Venezuela, Nicol\u00e1s Maduro.<\/p>\n\n\n\n<p><strong>Prensa Presidencial \/ Iliana Rosales<\/strong><\/p>\n","protected":false},"excerpt":{"rendered":"<p>Palacio de Miraflores, Caracas. &#8211; La selecci\u00f3n masculina de softbol de Venezuela, que se hizo campeona en la Copa Mundial 2025, disputada en la ciudad de Prince Albert, en Canad\u00e1, asegur\u00f3 este martes que el sue\u00f1o del equipo es hacerse m\u00e1s grande y conquistar el torneo que se realizar\u00e1 pr\u00f3ximamente en China. El capit\u00e1n del [&hellip;]<\/p>\n","protected":false},"author":1,"featured_media":21590,"comment_status":"open","ping_status":"open","sticky":false,"template":"","format":"standard","meta":{"footnotes":""},"categories":[18,7],"tags":[],"class_list":["post-21589","post","type-post","status-publish","format-standard","has-post-thumbnail","hentry","category-noticias-principales","category-notas-de-prensa"],"_links":{"self":[{"href":"https:\/\/prensapresidencialvenezuela.gob.ve\/index.php\/wp-json\/wp\/v2\/posts\/21589","targetHints":{"allow":["GET"]}}],"collection":[{"href":"https:\/\/prensapresidencialvenezuela.gob.ve\/index.php\/wp-json\/wp\/v2\/posts"}],"about":[{"href":"https:\/\/prensapresidencialvenezuela.gob.ve\/index.php\/wp-json\/wp\/v2\/types\/post"}],"author":[{"embeddable":true,"href":"https:\/\/prensapresidencialvenezuela.gob.ve\/index.php\/wp-json\/wp\/v2\/users\/1"}],"replies":[{"embeddable":true,"href":"https:\/\/prensapresidencialvenezuela.gob.ve\/index.php\/wp-json\/wp\/v2\/comments?post=21589"}],"version-history":[{"count":2,"href":"https:\/\/prensapresidencialvenezuela.gob.ve\/index.php\/wp-json\/wp\/v2\/posts\/21589\/revisions"}],"predecessor-version":[{"id":21594,"href":"https:\/\/prensapresidencialvenezuela.gob.ve\/index.php\/wp-json\/wp\/v2\/posts\/21589\/revisions\/21594"}],"wp:featuredmedia":[{"embeddable":true,"href":"https:\/\/prensapresidencialvenezuela.gob.ve\/index.php\/wp-json\/wp\/v2\/media\/21590"}],"wp:attachment":[{"href":"https:\/\/prensapresidencialvenezuela.gob.ve\/index.php\/wp-json\/wp\/v2\/media?parent=21589"}],"wp:term":[{"taxonomy":"category","embeddable":true,"href":"https:\/\/prensapresidencialvenezuela.gob.ve\/index.php\/wp-json\/wp\/v2\/categories?post=21589"},{"taxonomy":"post_tag","embeddable":true,"href":"https:\/\/prensapresidencialvenezuela.gob.ve\/index.php\/wp-json\/wp\/v2\/tags?post=21589"}],"curies":[{"name":"wp","href":"https:\/\/api.w.org\/{rel}","templated":true}]}}