{"id":21600,"date":"2025-07-15T18:28:11","date_gmt":"2025-07-15T22:28:11","guid":{"rendered":"https:\/\/prensapresidencialvenezuela.gob.ve\/?p=21600"},"modified":"2025-07-16T13:45:57","modified_gmt":"2025-07-16T17:45:57","slug":"estregan-complejo-polideportivo-mesuca-en-la-parroquia-petare","status":"publish","type":"post","link":"https:\/\/prensapresidencialvenezuela.gob.ve\/index.php\/2025\/07\/15\/estregan-complejo-polideportivo-mesuca-en-la-parroquia-petare\/","title":{"rendered":"Entregan Complejo Polideportivo Mesuca en la parroquia Petare"},"content":{"rendered":"\n<p><strong>Estos espacios fueron inaugurados por el presidente Nicol\u00e1s Maduro, como parte del Plan Mariscal Antonio Jos\u00e9 de Sucre.<\/strong><\/p>\n\n\n\n<p><strong>Municipio Sucre, estado Miranda.-<\/strong> Con el objetivo de continuar impulsando el Plan Mariscal Antonio Jos\u00e9 de Sucre, el presidente de la Rep\u00fablica Bolivariana de Venezuela, Nicol\u00e1s Maduro Moros, hace entrega de los espacios rehabilitados del Complejo Polideportivo Mesuca, en la parroquia Petare.<\/p>\n\n\n\n<figure class=\"wp-block-image size-large\"><img fetchpriority=\"high\" decoding=\"async\" width=\"1024\" height=\"948\" src=\"https:\/\/prensapresidencialvenezuela.gob.ve\/wp-content\/uploads\/2025\/07\/22_ZC__1345_P-1024x948.jpg\" alt=\"\" class=\"wp-image-21602\" srcset=\"https:\/\/prensapresidencialvenezuela.gob.ve\/wp-content\/uploads\/2025\/07\/22_ZC__1345_P-1024x948.jpg 1024w, https:\/\/prensapresidencialvenezuela.gob.ve\/wp-content\/uploads\/2025\/07\/22_ZC__1345_P-300x278.jpg 300w, https:\/\/prensapresidencialvenezuela.gob.ve\/wp-content\/uploads\/2025\/07\/22_ZC__1345_P-768x711.jpg 768w, https:\/\/prensapresidencialvenezuela.gob.ve\/wp-content\/uploads\/2025\/07\/22_ZC__1345_P-1536x1422.jpg 1536w, https:\/\/prensapresidencialvenezuela.gob.ve\/wp-content\/uploads\/2025\/07\/22_ZC__1345_P-2048x1896.jpg 2048w\" sizes=\"(max-width: 1024px) 100vw, 1024px\" \/><\/figure>\n\n\n\n<blockquote class=\"wp-block-quote is-layout-flow wp-block-quote-is-layout-flow\">\n<p>\u00abLlegamos a la parroquia Petare, estado Miranda, para hacer entrega de los espacios rehabilitados del Complejo Polideportivo Mesuca\u00bb.<br><\/p>\n<\/blockquote>\n\n\n\n<p>Esta acci\u00f3n es promovida como una ofensiva para unir esfuerzos entre el Estado y las comunas, para desarrollar este municipio, y de esta manera garantizar espacios recreativos, con garant\u00eda de paz y seguridad a todo el pueblo, as\u00ed como el desarrollo de su constructo social.<\/p>\n\n\n\n<p>Por otra parte, el Plan Mariscal Antonio Jos\u00e9 de Sucre fue anunciado por el presidente de la Rep\u00fablica Bolivariana de Venezuela, Nicol\u00e1s Maduro, el pasado mes de enero, destinado a pacificar, reivindicar y reconstruir a la parroquia Petare, ya que este programa forma parte de la activaci\u00f3n de la 4T: Este gran programa forma parte de la activaci\u00f3n de la 4T: Gran Transformaci\u00f3n Social, del Plan de la Patria.<\/p>\n\n\n\n<figure class=\"wp-block-image size-large\"><img decoding=\"async\" width=\"1024\" height=\"899\" src=\"https:\/\/prensapresidencialvenezuela.gob.ve\/wp-content\/uploads\/2025\/07\/32_ZC__1472_P-1024x899.jpg\" alt=\"\" class=\"wp-image-21603\" srcset=\"https:\/\/prensapresidencialvenezuela.gob.ve\/wp-content\/uploads\/2025\/07\/32_ZC__1472_P-1024x899.jpg 1024w, https:\/\/prensapresidencialvenezuela.gob.ve\/wp-content\/uploads\/2025\/07\/32_ZC__1472_P-300x264.jpg 300w, https:\/\/prensapresidencialvenezuela.gob.ve\/wp-content\/uploads\/2025\/07\/32_ZC__1472_P-768x675.jpg 768w, https:\/\/prensapresidencialvenezuela.gob.ve\/wp-content\/uploads\/2025\/07\/32_ZC__1472_P-1536x1349.jpg 1536w, https:\/\/prensapresidencialvenezuela.gob.ve\/wp-content\/uploads\/2025\/07\/32_ZC__1472_P-2048x1799.jpg 2048w\" sizes=\"(max-width: 1024px) 100vw, 1024px\" \/><\/figure>\n\n\n\n<p>Es importante destacar que en Petare convergen expresiones muy diversas, donde destacan el deporte, la cultura, la recreaci\u00f3n, que forman parte de este plan para atender a los ciudadanos que habitan en el sector. Durante el acto, el Jefe de Estado realiz\u00f3 la apertura de las \u00e1reas de piscinas del Complejo Polideportivo Mesuca, adem\u00e1s de un campo de f\u00fatbol rehabilitado.<\/p>\n\n\n\n<p>Por \u00faltimo, es de inter\u00e9s acotar que el Mandatario nacional estuvo acompa\u00f1ado por Cilia Flores, Primera Combatiente de la Rep\u00fablica; Gabriela Jim\u00e9nez, ministra del Poder Popular Para la Ciencia y Tecnolog\u00eda y Madrina del Estado Miranda; el vicepresidente de la Asamblea Nacional y jefe del Plan Mariscal Antonio Jos\u00e9 de Sucre, Pedro Infante; el MG Dilio Rodr\u00edguez D\u00edaz, comandante de la REDI Capital; el GD Carlos Eduardo Aigster Villamizar, comandante de la ZODI Miranda.<\/p>\n\n\n\n<p>&nbsp;Prensa Presidencial\/ Irmary D\u00edaz<\/p>\n","protected":false},"excerpt":{"rendered":"<p>Estos espacios fueron inaugurados por el presidente Nicol\u00e1s Maduro, como parte del Plan Mariscal Antonio Jos\u00e9 de Sucre. Municipio Sucre, estado Miranda.- Con el objetivo de continuar impulsando el Plan Mariscal Antonio Jos\u00e9 de Sucre, el presidente de la Rep\u00fablica Bolivariana de Venezuela, Nicol\u00e1s Maduro Moros, hace entrega de los espacios rehabilitados del Complejo Polideportivo [&hellip;]<\/p>\n","protected":false},"author":1,"featured_media":21601,"comment_status":"open","ping_status":"open","sticky":false,"template":"","format":"standard","meta":{"footnotes":""},"categories":[18,7],"tags":[],"class_list":["post-21600","post","type-post","status-publish","format-standard","has-post-thumbnail","hentry","category-noticias-principales","category-notas-de-prensa"],"_links":{"self":[{"href":"https:\/\/prensapresidencialvenezuela.gob.ve\/index.php\/wp-json\/wp\/v2\/posts\/21600","targetHints":{"allow":["GET"]}}],"collection":[{"href":"https:\/\/prensapresidencialvenezuela.gob.ve\/index.php\/wp-json\/wp\/v2\/posts"}],"about":[{"href":"https:\/\/prensapresidencialvenezuela.gob.ve\/index.php\/wp-json\/wp\/v2\/types\/post"}],"author":[{"embeddable":true,"href":"https:\/\/prensapresidencialvenezuela.gob.ve\/index.php\/wp-json\/wp\/v2\/users\/1"}],"replies":[{"embeddable":true,"href":"https:\/\/prensapresidencialvenezuela.gob.ve\/index.php\/wp-json\/wp\/v2\/comments?post=21600"}],"version-history":[{"count":3,"href":"https:\/\/prensapresidencialvenezuela.gob.ve\/index.php\/wp-json\/wp\/v2\/posts\/21600\/revisions"}],"predecessor-version":[{"id":21626,"href":"https:\/\/prensapresidencialvenezuela.gob.ve\/index.php\/wp-json\/wp\/v2\/posts\/21600\/revisions\/21626"}],"wp:featuredmedia":[{"embeddable":true,"href":"https:\/\/prensapresidencialvenezuela.gob.ve\/index.php\/wp-json\/wp\/v2\/media\/21601"}],"wp:attachment":[{"href":"https:\/\/prensapresidencialvenezuela.gob.ve\/index.php\/wp-json\/wp\/v2\/media?parent=21600"}],"wp:term":[{"taxonomy":"category","embeddable":true,"href":"https:\/\/prensapresidencialvenezuela.gob.ve\/index.php\/wp-json\/wp\/v2\/categories?post=21600"},{"taxonomy":"post_tag","embeddable":true,"href":"https:\/\/prensapresidencialvenezuela.gob.ve\/index.php\/wp-json\/wp\/v2\/tags?post=21600"}],"curies":[{"name":"wp","href":"https:\/\/api.w.org\/{rel}","templated":true}]}}