{"id":21612,"date":"2025-07-15T19:51:23","date_gmt":"2025-07-15T23:51:23","guid":{"rendered":"https:\/\/prensapresidencialvenezuela.gob.ve\/?p=21612"},"modified":"2025-07-15T19:51:24","modified_gmt":"2025-07-15T23:51:24","slug":"inauguran-proyecto-de-embaulamiento-en-antimano","status":"publish","type":"post","link":"https:\/\/prensapresidencialvenezuela.gob.ve\/index.php\/2025\/07\/15\/inauguran-proyecto-de-embaulamiento-en-antimano\/","title":{"rendered":"Inauguran proyecto de embaulamiento en Ant\u00edmano"},"content":{"rendered":"\n<p><strong>Parroquia Ant\u00edmano, Caracas. &#8211;<\/strong> En un pase televisivo en vivo, el jefe de Gobierno de Caracas, Nahum Fern\u00e1ndez, junto al presidente de la Rep\u00fablica Bolivariana de Venezuela, Nicol\u00e1s Maduro Moros, presentaron los resultados de proyecto de embaulamiento de quebradas en la Comuna Jos\u00e9 F\u00e9lix Ribas, ubicada en el sector El 70 de la parroquia Ant\u00edmano.<\/p>\n\n\n\n<p>La obra, culminada tras seis meses de trabajo intensivo, beneficia directamente a 1.922 familias y consolida el compromiso del Ejecutivo Nacional con el desarrollo urbano y la reducci\u00f3n de riesgos en comunidades vulnerables.&nbsp;<\/p>\n\n\n\n<h2 class=\"wp-block-heading alignwide\"><strong>Durante la actividad el presidente Maduro destac\u00f3 que los 10 circuitos comunales m\u00e1s votados en las elecciones pasadas del 25 de mayo han venido avanzando en la ejecuci\u00f3n de los proyectos contemplados en sus Agendas Concretas de Acci\u00f3n, los cuales se encuentran en pleno desarrollo.<\/strong><\/h2>\n\n\n\n<p><strong>Una obra que transforma vidas&nbsp;<\/strong><\/p>\n\n\n\n<p>Durante el recorrido, transmitido en cadena nacional, el presidente Maduro destac\u00f3 que este proyecto era una deuda hist\u00f3rica con Ant\u00edmano.<\/p>\n\n\n\n<p>Por su parte, Nahum Fern\u00e1ndez enfatiz\u00f3 que la obra no solo resuelve un problema de infraestructura, sino que mejora la calidad de vida de 5.766 habitantes.<\/p>\n\n\n\n<h2 class=\"wp-block-heading\"><strong>Detalles t\u00e9cnicos: Precisi\u00f3n y trabajo comunal&nbsp;<\/strong><\/h2>\n\n\n\n<p>El proyecto, ejecutado entre el 23 de noviembre de 2024 y el 15 de mayo de 2025, incluy\u00f3:&nbsp;<\/p>\n\n\n\n<p>&#8211; 1.168,94 m\u00b2 de \u00e1rea conformada a mano.&nbsp;<\/p>\n\n\n\n<p>&#8211; 441,89 m\u00b3 de concreto para losas y paredes.&nbsp;<\/p>\n\n\n\n<p>&#8211; 28.704,12 kgf de acero de refuerzo.&nbsp;<\/p>\n\n\n\n<p>&#8211; Instalaci\u00f3n de 231,79 m lineales de tuber\u00edas PVC (2&#8243; a 8&#8243;).&nbsp;<\/p>\n\n\n\n<p>&#8211; 1.011,17 ml de tanquillas para aguas servidas.&nbsp;<\/p>\n\n\n\n<p><strong>Prensa Presidencial\/ Luis Tavera<\/strong><\/p>\n","protected":false},"excerpt":{"rendered":"<p>Parroquia Ant\u00edmano, Caracas. &#8211; En un pase televisivo en vivo, el jefe de Gobierno de Caracas, Nahum Fern\u00e1ndez, junto al presidente de la Rep\u00fablica Bolivariana de Venezuela, Nicol\u00e1s Maduro Moros, presentaron los resultados de proyecto de embaulamiento de quebradas en la Comuna Jos\u00e9 F\u00e9lix Ribas, ubicada en el sector El 70 de la parroquia Ant\u00edmano. [&hellip;]<\/p>\n","protected":false},"author":1,"featured_media":21613,"comment_status":"open","ping_status":"open","sticky":false,"template":"","format":"standard","meta":{"footnotes":""},"categories":[18,7],"tags":[],"class_list":["post-21612","post","type-post","status-publish","format-standard","has-post-thumbnail","hentry","category-noticias-principales","category-notas-de-prensa"],"_links":{"self":[{"href":"https:\/\/prensapresidencialvenezuela.gob.ve\/index.php\/wp-json\/wp\/v2\/posts\/21612","targetHints":{"allow":["GET"]}}],"collection":[{"href":"https:\/\/prensapresidencialvenezuela.gob.ve\/index.php\/wp-json\/wp\/v2\/posts"}],"about":[{"href":"https:\/\/prensapresidencialvenezuela.gob.ve\/index.php\/wp-json\/wp\/v2\/types\/post"}],"author":[{"embeddable":true,"href":"https:\/\/prensapresidencialvenezuela.gob.ve\/index.php\/wp-json\/wp\/v2\/users\/1"}],"replies":[{"embeddable":true,"href":"https:\/\/prensapresidencialvenezuela.gob.ve\/index.php\/wp-json\/wp\/v2\/comments?post=21612"}],"version-history":[{"count":1,"href":"https:\/\/prensapresidencialvenezuela.gob.ve\/index.php\/wp-json\/wp\/v2\/posts\/21612\/revisions"}],"predecessor-version":[{"id":21614,"href":"https:\/\/prensapresidencialvenezuela.gob.ve\/index.php\/wp-json\/wp\/v2\/posts\/21612\/revisions\/21614"}],"wp:featuredmedia":[{"embeddable":true,"href":"https:\/\/prensapresidencialvenezuela.gob.ve\/index.php\/wp-json\/wp\/v2\/media\/21613"}],"wp:attachment":[{"href":"https:\/\/prensapresidencialvenezuela.gob.ve\/index.php\/wp-json\/wp\/v2\/media?parent=21612"}],"wp:term":[{"taxonomy":"category","embeddable":true,"href":"https:\/\/prensapresidencialvenezuela.gob.ve\/index.php\/wp-json\/wp\/v2\/categories?post=21612"},{"taxonomy":"post_tag","embeddable":true,"href":"https:\/\/prensapresidencialvenezuela.gob.ve\/index.php\/wp-json\/wp\/v2\/tags?post=21612"}],"curies":[{"name":"wp","href":"https:\/\/api.w.org\/{rel}","templated":true}]}}