{"id":21615,"date":"2025-07-15T20:52:51","date_gmt":"2025-07-16T00:52:51","guid":{"rendered":"https:\/\/prensapresidencialvenezuela.gob.ve\/?p=21615"},"modified":"2025-07-15T20:52:51","modified_gmt":"2025-07-16T00:52:51","slug":"rehabilitan-el-complejo-deportivo-1-de-mayo-simbolo-de-union-democracia-participativa-y-poder-popular","status":"publish","type":"post","link":"https:\/\/prensapresidencialvenezuela.gob.ve\/index.php\/2025\/07\/15\/rehabilitan-el-complejo-deportivo-1-de-mayo-simbolo-de-union-democracia-participativa-y-poder-popular\/","title":{"rendered":"Rehabilitan el Complejo Deportivo 1\u00b0 de Mayo, s\u00edmbolo de uni\u00f3n, \u00a1democracia participativa y poder popular!"},"content":{"rendered":"\n<p><strong>Parroquia Santa Rosal\u00eda, Caracas.-<\/strong> En un acto que refleja la fuerza de la uni\u00f3n popular y la participaci\u00f3n activa de la comunidad, el Gobierno de Caracas y el Poder Popular unieron esfuerzos para transformar espacios emblem\u00e1ticos que fortalecen la democracia participativa y el poder colectivo del pueblo.<\/p>\n\n\n\n<p>La rehabilitaci\u00f3n integral del Complejo Deportivo 1\u00b0 de Mayo, situado en la parroquia Santa Rosal\u00eda, representa un ejemplo palpable de c\u00f3mo las obras del Estado, construidas con la voluntad de las comunidades y bajo la coordinaci\u00f3n de las autoridades, est\u00e1n forjando un legado de soberan\u00eda popular y transformaci\u00f3n social.<\/p>\n\n\n\n<h3 class=\"wp-block-heading alignwide\">En un pase televisivo con el presidente de la Rep\u00fablica Bolivariana de Venezuela, Nicol\u00e1s Maduro, y marcada por la alegr\u00eda comunitaria, la alcaldesa Carmen Mel\u00e9ndez, acompa\u00f1ada por el presidente de la Corporaci\u00f3n Juntos Todo Es Posible, Walter Gavidia, y numerosos l\u00edderes locales, inaugur\u00f3 oficialmente la recuperaci\u00f3n de este espacio hist\u00f3rico, fundado en 1952 y renovado tras tres meses de trabajo colectivo y t\u00e9cnico. La obra, enmarcada en el plan Caracas Segura, beneficia directamente a casi 6.000 habitantes de la zona, demostrando que la participaci\u00f3n activa del pueblo es la clave para construir una ciudad m\u00e1s segura, justa y democr\u00e1tica.<\/h3>\n\n\n\n<p><strong>Construcci\u00f3n colectiva con sentido de lucha y esperanza<\/strong><\/p>\n\n\n\n<p>El proceso de recuperaci\u00f3n fue liderado por manos y voluntades comunitarias, en un claro ejemplo de c\u00f3mo la uni\u00f3n y la participaci\u00f3n popular son motores fundamentales del cambio social. Con la colaboraci\u00f3n de 3 profesionales y 40 alba\u00f1iles y ayudantes de la propia comunidad, as\u00ed como la participaci\u00f3n de 10 consejos comunales \u2014incluyendo Las Casitas, Triunfadores 1\u00b0 de Mayo y Vencedores de Ayacucho\u2014, este logro evidencia que el poder popular es un pilar irremplazable en la construcci\u00f3n de un Caracas soberana y consciente de su historia.<\/p>\n\n\n\n<p><strong>Detalles que consolidan la transformaci\u00f3n social<\/strong><\/p>\n\n\n\n<p>La rehabilitaci\u00f3n incluy\u00f3 la restauraci\u00f3n de 650 m\u00b2 de cancha deportiva, 600 m\u00b2 de paredes, instalaci\u00f3n de 14 reflectores y 13 luminarias nuevas, adem\u00e1s de la mejora de ba\u00f1os y gradas, dotando a la comunidad de espacios dignos y funcionales. Todo esto fue posible gracias a la coordinaci\u00f3n entre la Alcald\u00eda y las organizaciones del Poder Popular, fortaleciendo la organizaci\u00f3n territorial y la identidad comunitaria.<\/p>\n\n\n\n<p><strong>Un espacio que va m\u00e1s all\u00e1 del deporte: s\u00edmbolo del poder popular<\/strong><\/p>\n\n\n\n<p>Este complejo no es solo un lugar de esparcimiento; es un s\u00edmbolo de resistencia y soberan\u00eda popular, en el que el pueblo ha decidido tomar las riendas de su destino y transformar su entorno. La obra impacta directamente a 2.345 familias, generando un esp\u00edritu de apropiaci\u00f3n y autoestima que fortalece la organizaci\u00f3n social en la zona, beneficiando a m\u00e1s de 3,3 mil electores y consolidando las bases de una democracia participativa en acci\u00f3n.<\/p>\n\n\n\n<p><strong>Prensa Presidencial\/ Luis Tavera<\/strong><\/p>\n\n\n\n<p><\/p>\n","protected":false},"excerpt":{"rendered":"<p>Parroquia Santa Rosal\u00eda, Caracas.- En un acto que refleja la fuerza de la uni\u00f3n popular y la participaci\u00f3n activa de la comunidad, el Gobierno de Caracas y el Poder Popular unieron esfuerzos para transformar espacios emblem\u00e1ticos que fortalecen la democracia participativa y el poder colectivo del pueblo. La rehabilitaci\u00f3n integral del Complejo Deportivo 1\u00b0 de [&hellip;]<\/p>\n","protected":false},"author":1,"featured_media":21616,"comment_status":"open","ping_status":"open","sticky":false,"template":"","format":"standard","meta":{"footnotes":""},"categories":[18,7],"tags":[],"class_list":["post-21615","post","type-post","status-publish","format-standard","has-post-thumbnail","hentry","category-noticias-principales","category-notas-de-prensa"],"_links":{"self":[{"href":"https:\/\/prensapresidencialvenezuela.gob.ve\/index.php\/wp-json\/wp\/v2\/posts\/21615","targetHints":{"allow":["GET"]}}],"collection":[{"href":"https:\/\/prensapresidencialvenezuela.gob.ve\/index.php\/wp-json\/wp\/v2\/posts"}],"about":[{"href":"https:\/\/prensapresidencialvenezuela.gob.ve\/index.php\/wp-json\/wp\/v2\/types\/post"}],"author":[{"embeddable":true,"href":"https:\/\/prensapresidencialvenezuela.gob.ve\/index.php\/wp-json\/wp\/v2\/users\/1"}],"replies":[{"embeddable":true,"href":"https:\/\/prensapresidencialvenezuela.gob.ve\/index.php\/wp-json\/wp\/v2\/comments?post=21615"}],"version-history":[{"count":1,"href":"https:\/\/prensapresidencialvenezuela.gob.ve\/index.php\/wp-json\/wp\/v2\/posts\/21615\/revisions"}],"predecessor-version":[{"id":21617,"href":"https:\/\/prensapresidencialvenezuela.gob.ve\/index.php\/wp-json\/wp\/v2\/posts\/21615\/revisions\/21617"}],"wp:featuredmedia":[{"embeddable":true,"href":"https:\/\/prensapresidencialvenezuela.gob.ve\/index.php\/wp-json\/wp\/v2\/media\/21616"}],"wp:attachment":[{"href":"https:\/\/prensapresidencialvenezuela.gob.ve\/index.php\/wp-json\/wp\/v2\/media?parent=21615"}],"wp:term":[{"taxonomy":"category","embeddable":true,"href":"https:\/\/prensapresidencialvenezuela.gob.ve\/index.php\/wp-json\/wp\/v2\/categories?post=21615"},{"taxonomy":"post_tag","embeddable":true,"href":"https:\/\/prensapresidencialvenezuela.gob.ve\/index.php\/wp-json\/wp\/v2\/tags?post=21615"}],"curies":[{"name":"wp","href":"https:\/\/api.w.org\/{rel}","templated":true}]}}