{"id":21618,"date":"2025-07-15T21:07:34","date_gmt":"2025-07-16T01:07:34","guid":{"rendered":"https:\/\/prensapresidencialvenezuela.gob.ve\/?p=21618"},"modified":"2025-07-15T21:07:35","modified_gmt":"2025-07-16T01:07:35","slug":"27jul-premios-dobles-para-los-circuitos-comunales-mas-participativos-en-la-consulta-juvenil","status":"publish","type":"post","link":"https:\/\/prensapresidencialvenezuela.gob.ve\/index.php\/2025\/07\/15\/27jul-premios-dobles-para-los-circuitos-comunales-mas-participativos-en-la-consulta-juvenil\/","title":{"rendered":"#27Jul: Premios dobles para los Circuitos Comunales m\u00e1s participativos en la Consulta Juvenil"},"content":{"rendered":"\n<p>El presidente ve en la participaci\u00f3n comunitaria y en las consultas populares la v\u00eda para fortalecer la democracia revolucionaria y el poder del pueblo organizado<\/p>\n\n\n\n<p>El jefe de Estado, Nicol\u00e1s Maduro, ratific\u00f3 este martes en Mesuca su respaldo a la participaci\u00f3n activa de todos los consejos comunales y Circuitos Comunales del pa\u00eds, en la pr\u00f3xima Consulta Popular de la Juventud, que se realizar\u00e1 junto a las elecciones municipales del 27 de julio.<\/p>\n\n\n\n<p>En su mensaje, asegur\u00f3 que los sectores m\u00e1s agraciados y participativos recibir\u00e1n un doble premio, que ser\u00e1 concretado en obras definidas en la Agenda Concreta de Acci\u00f3n (ACA) de cada comunidad.<\/p>\n\n\n\n<p><strong>Premios que impulsan la democratizaci\u00f3n real<\/strong><\/p>\n\n\n\n<p>El presidente Maduro record\u00f3 que en la pasada consulta del 25 de mayo pasado, se entregaron premios especiales a los 10 circuitos comunales de las 25 entidades que demostraron mayor participaci\u00f3n de sus vecinos y vecinas. Estas acciones celebraron y consolidaron la movilizaci\u00f3n comunitaria, y actualmente, las obras ganadas en cada comunidad ya se encuentran en marcha, mostrando c\u00f3mo la participaci\u00f3n popular se traduce en avances concretos.&nbsp;<\/p>\n\n\n\n<h2 class=\"wp-block-heading\">\u00abLo dije y lo hicimos, lo estamos haciendo. Ahora doblo la apuesta\u00bb, afirm\u00f3 el Mandatario, reiterando su compromiso con una democracia que se fortalece desde lo com\u00fan, desde la movilizaci\u00f3n y la organizaci\u00f3n comunitaria.<\/h2>\n\n\n\n<p>Destacando la importancia de fortalecer la participaci\u00f3n de las nuevas generaciones, el Dignatario consider\u00f3 que el camino hacia la construcci\u00f3n de un pa\u00eds m\u00e1s justo y soberano pasa por activar y cuidar cada voto y cada iniciativa de los j\u00f3venes. Para ello, propuso un mecanismo inclusivo, que garantice que incluso los sectores m\u00e1s peque\u00f1os y dispersos puedan ser beneficiados.<\/p>\n\n\n\n<p><strong>Un sistema de premiaci\u00f3n justo y democr\u00e1tico<\/strong><\/p>\n\n\n\n<p>El m\u00e9todo propuesto para esta consulta establece que los 10 circuitos comunales m\u00e1s participativos en cada estado ser\u00e1n seleccionados seg\u00fan dos criterios: los cinco con mayor volumen de votantes y los cinco con mayor porcentaje de participaci\u00f3n respecto a su poblaci\u00f3n.&nbsp;<\/p>\n\n\n\n<p>De acuerdo con el presidente, \u00abde los 10 circuitos en cada estado, los cinco primeros ser\u00e1n elegidos por volumen y los otros cinco por porcentaje\u00bb, asegurando que los sectores rurales y menos poblados tengan la oportunidad de acceder al \u00abpremio gordo\u00bb que el Estado ofrece.<\/p>\n\n\n\n<p>El presidente&nbsp; Maduro enfatiz\u00f3 que esta metodolog\u00eda busca un equilibrio justo: \u00absi solo se ganara por cantidad de votos, siempre vencer\u00edan los m\u00e1s poblados. Por eso, quienes participen en comunidades menos densas tendr\u00e1n su premio y se sentir\u00e1n fortalecidos en la lucha por transformar sus espacios\u00bb.<\/p>\n\n\n\n<p>El Mandatario cerr\u00f3 su intervenci\u00f3n con un mandato claro: \u00abEstamos en el camino correcto y todos los d\u00edas inventamos algo, como dec\u00eda nuestro Libertador, Sim\u00f3n Rodr\u00edguez: \u2018O inventamos o erramos\u2019. \u00a1Y nosotros pa\u2019lante, siempre!\u00bb<\/p>\n\n\n\n<p><strong>Prensa Presidencial\/ Luis Tavera<\/strong><\/p>\n","protected":false},"excerpt":{"rendered":"<p>El presidente ve en la participaci\u00f3n comunitaria y en las consultas populares la v\u00eda para fortalecer la democracia revolucionaria y el poder del pueblo organizado El jefe de Estado, Nicol\u00e1s Maduro, ratific\u00f3 este martes en Mesuca su respaldo a la participaci\u00f3n activa de todos los consejos comunales y Circuitos Comunales del pa\u00eds, en la pr\u00f3xima [&hellip;]<\/p>\n","protected":false},"author":1,"featured_media":21619,"comment_status":"open","ping_status":"open","sticky":false,"template":"","format":"standard","meta":{"footnotes":""},"categories":[18,7],"tags":[],"class_list":["post-21618","post","type-post","status-publish","format-standard","has-post-thumbnail","hentry","category-noticias-principales","category-notas-de-prensa"],"_links":{"self":[{"href":"https:\/\/prensapresidencialvenezuela.gob.ve\/index.php\/wp-json\/wp\/v2\/posts\/21618","targetHints":{"allow":["GET"]}}],"collection":[{"href":"https:\/\/prensapresidencialvenezuela.gob.ve\/index.php\/wp-json\/wp\/v2\/posts"}],"about":[{"href":"https:\/\/prensapresidencialvenezuela.gob.ve\/index.php\/wp-json\/wp\/v2\/types\/post"}],"author":[{"embeddable":true,"href":"https:\/\/prensapresidencialvenezuela.gob.ve\/index.php\/wp-json\/wp\/v2\/users\/1"}],"replies":[{"embeddable":true,"href":"https:\/\/prensapresidencialvenezuela.gob.ve\/index.php\/wp-json\/wp\/v2\/comments?post=21618"}],"version-history":[{"count":1,"href":"https:\/\/prensapresidencialvenezuela.gob.ve\/index.php\/wp-json\/wp\/v2\/posts\/21618\/revisions"}],"predecessor-version":[{"id":21620,"href":"https:\/\/prensapresidencialvenezuela.gob.ve\/index.php\/wp-json\/wp\/v2\/posts\/21618\/revisions\/21620"}],"wp:featuredmedia":[{"embeddable":true,"href":"https:\/\/prensapresidencialvenezuela.gob.ve\/index.php\/wp-json\/wp\/v2\/media\/21619"}],"wp:attachment":[{"href":"https:\/\/prensapresidencialvenezuela.gob.ve\/index.php\/wp-json\/wp\/v2\/media?parent=21618"}],"wp:term":[{"taxonomy":"category","embeddable":true,"href":"https:\/\/prensapresidencialvenezuela.gob.ve\/index.php\/wp-json\/wp\/v2\/categories?post=21618"},{"taxonomy":"post_tag","embeddable":true,"href":"https:\/\/prensapresidencialvenezuela.gob.ve\/index.php\/wp-json\/wp\/v2\/tags?post=21618"}],"curies":[{"name":"wp","href":"https:\/\/api.w.org\/{rel}","templated":true}]}}