{"id":21621,"date":"2025-07-15T21:13:52","date_gmt":"2025-07-16T01:13:52","guid":{"rendered":"https:\/\/prensapresidencialvenezuela.gob.ve\/?p=21621"},"modified":"2025-07-16T13:54:15","modified_gmt":"2025-07-16T17:54:15","slug":"petare-contara-con-una-institucion-especializada-para-ninos-con-condiciones-especiales","status":"publish","type":"post","link":"https:\/\/prensapresidencialvenezuela.gob.ve\/index.php\/2025\/07\/15\/petare-contara-con-una-institucion-especializada-para-ninos-con-condiciones-especiales\/","title":{"rendered":"Petare contar\u00e1 con una instituci\u00f3n especializada para ni\u00f1os con condiciones especiales"},"content":{"rendered":"\n<p><strong>Parroquia Petare, estado Miranda.<\/strong> &#8211; \u00a0En su firme compromiso con la inclusi\u00f3n, la justicia social y el bienestar de las familias venezolanas, el presidente de la Rep\u00fablica Bolivariana de Venezuela, Nicol\u00e1s Maduro Moros, anunci\u00f3 la aprobaci\u00f3n de recursos para la construcci\u00f3n de una nueva instituci\u00f3n dedicada a la atenci\u00f3n de ni\u00f1os y ni\u00f1as con condiciones especiales en la parroquia Petare.<\/p>\n\n\n\n<p>Durante su visita a la comunidad, el mandatario expres\u00f3: \u00abEs el regalo que les hago durante esta visita\u00bb. La iniciativa responde a las demandas del Poder Popular, las Comunas y los representantes de ni\u00f1os con discapacidad, quienes han luchado por contar con un espacio digno y especializado en su entorno.<\/p>\n\n\n\n<p>La instituci\u00f3n, que estar\u00e1 ubicada en la zona de la Mansi\u00f3n Borges, ofrecer\u00e1 atenci\u00f3n integral, terapias especializadas, programas de educaci\u00f3n adaptada y acompa\u00f1amiento familiar, en un ambiente que fomente el desarrollo pleno y la inclusi\u00f3n de los ni\u00f1os y ni\u00f1as con diversas condiciones. Este proyecto forma parte del Sistema de Gobierno Popular, una articulaci\u00f3n que integra esfuerzos entre el Ejecutivo nacional, el gobierno local y las organizaciones comunitarias.<\/p>\n\n\n\n<p>Con esta acci\u00f3n, Petare se suma a los territorios que avanzan hacia una educaci\u00f3n inclusiva y humanista, garantizando a cada ni\u00f1o y ni\u00f1a el derecho a crecer, aprender y ser feliz, sin barreras ni exclusiones.<\/p>\n\n\n\n<p>Este logro refleja la victoria del pueblo organizado y reafirma el compromiso del Gobierno Bolivariano con la construcci\u00f3n de una Venezuela m\u00e1s justa, solidaria e inclusiva, donde la diversidad es valorada y protegida.<\/p>\n\n\n\n<p><strong>Prensa Presidencial\/ Luis Tavera<\/strong><\/p>\n","protected":false},"excerpt":{"rendered":"<p>Parroquia Petare, estado Miranda. &#8211; \u00a0En su firme compromiso con la inclusi\u00f3n, la justicia social y el bienestar de las familias venezolanas, el presidente de la Rep\u00fablica Bolivariana de Venezuela, Nicol\u00e1s Maduro Moros, anunci\u00f3 la aprobaci\u00f3n de recursos para la construcci\u00f3n de una nueva instituci\u00f3n dedicada a la atenci\u00f3n de ni\u00f1os y ni\u00f1as con condiciones [&hellip;]<\/p>\n","protected":false},"author":1,"featured_media":21622,"comment_status":"open","ping_status":"open","sticky":false,"template":"","format":"standard","meta":{"footnotes":""},"categories":[18,7],"tags":[],"class_list":["post-21621","post","type-post","status-publish","format-standard","has-post-thumbnail","hentry","category-noticias-principales","category-notas-de-prensa"],"_links":{"self":[{"href":"https:\/\/prensapresidencialvenezuela.gob.ve\/index.php\/wp-json\/wp\/v2\/posts\/21621","targetHints":{"allow":["GET"]}}],"collection":[{"href":"https:\/\/prensapresidencialvenezuela.gob.ve\/index.php\/wp-json\/wp\/v2\/posts"}],"about":[{"href":"https:\/\/prensapresidencialvenezuela.gob.ve\/index.php\/wp-json\/wp\/v2\/types\/post"}],"author":[{"embeddable":true,"href":"https:\/\/prensapresidencialvenezuela.gob.ve\/index.php\/wp-json\/wp\/v2\/users\/1"}],"replies":[{"embeddable":true,"href":"https:\/\/prensapresidencialvenezuela.gob.ve\/index.php\/wp-json\/wp\/v2\/comments?post=21621"}],"version-history":[{"count":2,"href":"https:\/\/prensapresidencialvenezuela.gob.ve\/index.php\/wp-json\/wp\/v2\/posts\/21621\/revisions"}],"predecessor-version":[{"id":21627,"href":"https:\/\/prensapresidencialvenezuela.gob.ve\/index.php\/wp-json\/wp\/v2\/posts\/21621\/revisions\/21627"}],"wp:featuredmedia":[{"embeddable":true,"href":"https:\/\/prensapresidencialvenezuela.gob.ve\/index.php\/wp-json\/wp\/v2\/media\/21622"}],"wp:attachment":[{"href":"https:\/\/prensapresidencialvenezuela.gob.ve\/index.php\/wp-json\/wp\/v2\/media?parent=21621"}],"wp:term":[{"taxonomy":"category","embeddable":true,"href":"https:\/\/prensapresidencialvenezuela.gob.ve\/index.php\/wp-json\/wp\/v2\/categories?post=21621"},{"taxonomy":"post_tag","embeddable":true,"href":"https:\/\/prensapresidencialvenezuela.gob.ve\/index.php\/wp-json\/wp\/v2\/tags?post=21621"}],"curies":[{"name":"wp","href":"https:\/\/api.w.org\/{rel}","templated":true}]}}