{"id":21628,"date":"2025-07-16T14:30:04","date_gmt":"2025-07-16T18:30:04","guid":{"rendered":"https:\/\/prensapresidencialvenezuela.gob.ve\/?p=21628"},"modified":"2025-07-16T14:30:04","modified_gmt":"2025-07-16T18:30:04","slug":"enclaves-petare-mostro-su-impulso-en-organizacion-comunitaria-y-protagonismo-ciudadano","status":"publish","type":"post","link":"https:\/\/prensapresidencialvenezuela.gob.ve\/index.php\/2025\/07\/16\/enclaves-petare-mostro-su-impulso-en-organizacion-comunitaria-y-protagonismo-ciudadano\/","title":{"rendered":"#EnClaves|| Petare mostr\u00f3 su impulso en organizaci\u00f3n comunitaria y protagonismo ciudadano"},"content":{"rendered":"\n<p><strong>Durante la visita que realiz\u00f3 el presidente de la Rep\u00fablica Bolivariana de Venezuela, Nicol\u00e1s Maduro Moros, a la popular parroquia caraque\u00f1a, Petare, hizo importantes anuncios en beneficio de los habitantes de la parroquia m\u00e1s grande del \u00c1rea Metropolitana de Caracas.<\/strong><\/p>\n\n\n\n<p>En su firme compromiso con la inclusi\u00f3n, la justicia social y el bienestar de las familias venezolanas destaca lo siguiente:<\/p>\n\n\n\n<figure class=\"wp-block-image size-large\"><img fetchpriority=\"high\" decoding=\"async\" width=\"1024\" height=\"1010\" src=\"https:\/\/prensapresidencialvenezuela.gob.ve\/wp-content\/uploads\/2025\/07\/20_ZC__1339_P-1024x1010.jpg\" alt=\"\" class=\"wp-image-21630\" srcset=\"https:\/\/prensapresidencialvenezuela.gob.ve\/wp-content\/uploads\/2025\/07\/20_ZC__1339_P-1024x1010.jpg 1024w, https:\/\/prensapresidencialvenezuela.gob.ve\/wp-content\/uploads\/2025\/07\/20_ZC__1339_P-300x296.jpg 300w, https:\/\/prensapresidencialvenezuela.gob.ve\/wp-content\/uploads\/2025\/07\/20_ZC__1339_P-768x758.jpg 768w, https:\/\/prensapresidencialvenezuela.gob.ve\/wp-content\/uploads\/2025\/07\/20_ZC__1339_P-1536x1516.jpg 1536w, https:\/\/prensapresidencialvenezuela.gob.ve\/wp-content\/uploads\/2025\/07\/20_ZC__1339_P.jpg 2027w\" sizes=\"(max-width: 1024px) 100vw, 1024px\" \/><\/figure>\n\n\n\n<ul class=\"wp-block-list\">\n<li>Aprob\u00f3 recursos para la construcci\u00f3n de una nueva instituci\u00f3n dedicada a la atenci\u00f3n de ni\u00f1os y ni\u00f1as con condiciones especiales en la parroquia Petare. La instituci\u00f3n estar\u00e1 ubicada en la zona de la Mansi\u00f3n Borges, ofrecer\u00e1 atenci\u00f3n integral, terapias especializadas, programas de educaci\u00f3n adaptada y acompa\u00f1amiento familiar, en un ambiente que fomente el desarrollo pleno y la inclusi\u00f3n de los ni\u00f1os y ni\u00f1as con diversas condiciones.<\/li>\n\n\n\n<li>Entreg\u00f3 el Complejo Polideportivo Mesuca con nuevas \u00e1reas, como parte del Plan Mariscal Antonio Jos\u00e9 de Sucre.<\/li>\n\n\n\n<li>Otorgar\u00e1 un doble premio a los sectores m\u00e1s participativos en las venideras elecciones que se concretar\u00e1n en obras definidas en la Agenda Concreta de Acci\u00f3n (ACA) de cada comunidad.<\/li>\n\n\n\n<li>Crear\u00e1 una nueva instituci\u00f3n que llevar\u00e1 por nombre \u00abCoraz\u00f3n Vinotinto\u00bb para la pr\u00e1ctica de f\u00fatbol de ni\u00f1os y ni\u00f1as que les apasione esta disciplina deportiva.<\/li>\n<\/ul>\n\n\n\n<figure class=\"wp-block-image size-large\"><img decoding=\"async\" width=\"1024\" height=\"682\" src=\"https:\/\/prensapresidencialvenezuela.gob.ve\/wp-content\/uploads\/2025\/07\/photo_5166183532500989801_w-1024x682.jpg\" alt=\"\" class=\"wp-image-21631\" srcset=\"https:\/\/prensapresidencialvenezuela.gob.ve\/wp-content\/uploads\/2025\/07\/photo_5166183532500989801_w-1024x682.jpg 1024w, https:\/\/prensapresidencialvenezuela.gob.ve\/wp-content\/uploads\/2025\/07\/photo_5166183532500989801_w-300x200.jpg 300w, https:\/\/prensapresidencialvenezuela.gob.ve\/wp-content\/uploads\/2025\/07\/photo_5166183532500989801_w-768x512.jpg 768w, https:\/\/prensapresidencialvenezuela.gob.ve\/wp-content\/uploads\/2025\/07\/photo_5166183532500989801_w-1536x1024.jpg 1536w, https:\/\/prensapresidencialvenezuela.gob.ve\/wp-content\/uploads\/2025\/07\/photo_5166183532500989801_w-2048x1365.jpg 2048w\" sizes=\"(max-width: 1024px) 100vw, 1024px\" \/><\/figure>\n\n\n\n<h3 class=\"wp-block-heading alignwide\">Hasta la fecha, el Poder Popular organizado ha alcanzado la cifra de casi 50.000 obras construidas a lo largo y ancho del pa\u00eds y los j\u00f3venes asumen un rol fundamental en el desarrollo del pa\u00eds.<\/h3>\n\n\n\n<p>El jefe de Estado record\u00f3: \u00abLa democracia directa no solo es verdadera, sino que son procesos efectivos y eficaces\u00bb. Tambi\u00e9n resalt\u00f3 que la democracia directa es eficaz porque vence \u00aba los gestores, intermediarios, a los gobiernos a\u00e9reos, al burocratismo, a la indolencia y la corrupci\u00f3n\u00bb.<\/p>\n\n\n\n<p><strong>Prensa Presidencial\/ Claudia Guerra M\u00e9ndez<\/strong><\/p>\n","protected":false},"excerpt":{"rendered":"<p>Durante la visita que realiz\u00f3 el presidente de la Rep\u00fablica Bolivariana de Venezuela, Nicol\u00e1s Maduro Moros, a la popular parroquia caraque\u00f1a, Petare, hizo importantes anuncios en beneficio de los habitantes de la parroquia m\u00e1s grande del \u00c1rea Metropolitana de Caracas. En su firme compromiso con la inclusi\u00f3n, la justicia social y el bienestar de las [&hellip;]<\/p>\n","protected":false},"author":1,"featured_media":21629,"comment_status":"open","ping_status":"open","sticky":false,"template":"","format":"standard","meta":{"footnotes":""},"categories":[18,7],"tags":[],"class_list":["post-21628","post","type-post","status-publish","format-standard","has-post-thumbnail","hentry","category-noticias-principales","category-notas-de-prensa"],"_links":{"self":[{"href":"https:\/\/prensapresidencialvenezuela.gob.ve\/index.php\/wp-json\/wp\/v2\/posts\/21628","targetHints":{"allow":["GET"]}}],"collection":[{"href":"https:\/\/prensapresidencialvenezuela.gob.ve\/index.php\/wp-json\/wp\/v2\/posts"}],"about":[{"href":"https:\/\/prensapresidencialvenezuela.gob.ve\/index.php\/wp-json\/wp\/v2\/types\/post"}],"author":[{"embeddable":true,"href":"https:\/\/prensapresidencialvenezuela.gob.ve\/index.php\/wp-json\/wp\/v2\/users\/1"}],"replies":[{"embeddable":true,"href":"https:\/\/prensapresidencialvenezuela.gob.ve\/index.php\/wp-json\/wp\/v2\/comments?post=21628"}],"version-history":[{"count":1,"href":"https:\/\/prensapresidencialvenezuela.gob.ve\/index.php\/wp-json\/wp\/v2\/posts\/21628\/revisions"}],"predecessor-version":[{"id":21632,"href":"https:\/\/prensapresidencialvenezuela.gob.ve\/index.php\/wp-json\/wp\/v2\/posts\/21628\/revisions\/21632"}],"wp:featuredmedia":[{"embeddable":true,"href":"https:\/\/prensapresidencialvenezuela.gob.ve\/index.php\/wp-json\/wp\/v2\/media\/21629"}],"wp:attachment":[{"href":"https:\/\/prensapresidencialvenezuela.gob.ve\/index.php\/wp-json\/wp\/v2\/media?parent=21628"}],"wp:term":[{"taxonomy":"category","embeddable":true,"href":"https:\/\/prensapresidencialvenezuela.gob.ve\/index.php\/wp-json\/wp\/v2\/categories?post=21628"},{"taxonomy":"post_tag","embeddable":true,"href":"https:\/\/prensapresidencialvenezuela.gob.ve\/index.php\/wp-json\/wp\/v2\/tags?post=21628"}],"curies":[{"name":"wp","href":"https:\/\/api.w.org\/{rel}","templated":true}]}}