{"id":21633,"date":"2025-07-16T17:49:26","date_gmt":"2025-07-16T21:49:26","guid":{"rendered":"https:\/\/prensapresidencialvenezuela.gob.ve\/?p=21633"},"modified":"2025-07-16T17:49:27","modified_gmt":"2025-07-16T21:49:27","slug":"presidente-maduro-presenta-avances-del-sistema-de-gobierno-comunal-y-popular-en-el-zulia","status":"publish","type":"post","link":"https:\/\/prensapresidencialvenezuela.gob.ve\/index.php\/2025\/07\/16\/presidente-maduro-presenta-avances-del-sistema-de-gobierno-comunal-y-popular-en-el-zulia\/","title":{"rendered":"Presidente Maduro presenta avances del Sistema de Gobierno Comunal y Popular en el Zulia"},"content":{"rendered":"\n<p><strong>El Manzanillo, Zulia.- <\/strong>El presidente de la Rep\u00fablica Bolivariana de Venezuela, Nicol\u00e1s Maduro Moros, realiza este mi\u00e9rcoles un recorrido por las inmediaciones de la Escuela B\u00e1sica Dr. Juan Saba Rivera, de la Comuna Socialista Hugo Rafael Ch\u00e1vez Fr\u00edas, en el sector El Manzanillo, estado Zulia, para presentar avances del Sistema de Gobierno Comunal y Popular.<\/p>\n\n\n\n<p>En la actividad es acompa\u00f1ado por la Primera Dama, Cilia Flores, y el gobernador de la entidad, Luis Caldera, adem\u00e1s de los voceros de los circuitos comunales y\/o comunas, protagonistas que llevaron a cabo la rehabilitaci\u00f3n del recinto, tras la realizaci\u00f3n de la Consulta Popular Nacional.<\/p>\n\n\n\n<p>La parroquia Francisco Ochoa, en donde se encuentra ubicada la mencionada comuna, est\u00e1 integrada por 25 mil familias, agrupadas en 49 consejos comunales, seg\u00fan datos difundidos por el Poder Popular presente en la actividad.<\/p>\n\n\n\n<p>Entre las \u00e1reas recuperadas del espacio, se encuentra la cocina &#8211; comedor Dr.&nbsp; Juan Saba Rivera y una cancha deportiva.<\/p>\n\n\n\n<p><strong>Prensa Presidencial \/ Iliana Rosales<\/strong><\/p>\n","protected":false},"excerpt":{"rendered":"<p>El Manzanillo, Zulia.- El presidente de la Rep\u00fablica Bolivariana de Venezuela, Nicol\u00e1s Maduro Moros, realiza este mi\u00e9rcoles un recorrido por las inmediaciones de la Escuela B\u00e1sica Dr. Juan Saba Rivera, de la Comuna Socialista Hugo Rafael Ch\u00e1vez Fr\u00edas, en el sector El Manzanillo, estado Zulia, para presentar avances del Sistema de Gobierno Comunal y Popular. [&hellip;]<\/p>\n","protected":false},"author":1,"featured_media":21634,"comment_status":"open","ping_status":"open","sticky":false,"template":"","format":"standard","meta":{"footnotes":""},"categories":[18,7],"tags":[],"class_list":["post-21633","post","type-post","status-publish","format-standard","has-post-thumbnail","hentry","category-noticias-principales","category-notas-de-prensa"],"_links":{"self":[{"href":"https:\/\/prensapresidencialvenezuela.gob.ve\/index.php\/wp-json\/wp\/v2\/posts\/21633","targetHints":{"allow":["GET"]}}],"collection":[{"href":"https:\/\/prensapresidencialvenezuela.gob.ve\/index.php\/wp-json\/wp\/v2\/posts"}],"about":[{"href":"https:\/\/prensapresidencialvenezuela.gob.ve\/index.php\/wp-json\/wp\/v2\/types\/post"}],"author":[{"embeddable":true,"href":"https:\/\/prensapresidencialvenezuela.gob.ve\/index.php\/wp-json\/wp\/v2\/users\/1"}],"replies":[{"embeddable":true,"href":"https:\/\/prensapresidencialvenezuela.gob.ve\/index.php\/wp-json\/wp\/v2\/comments?post=21633"}],"version-history":[{"count":1,"href":"https:\/\/prensapresidencialvenezuela.gob.ve\/index.php\/wp-json\/wp\/v2\/posts\/21633\/revisions"}],"predecessor-version":[{"id":21635,"href":"https:\/\/prensapresidencialvenezuela.gob.ve\/index.php\/wp-json\/wp\/v2\/posts\/21633\/revisions\/21635"}],"wp:featuredmedia":[{"embeddable":true,"href":"https:\/\/prensapresidencialvenezuela.gob.ve\/index.php\/wp-json\/wp\/v2\/media\/21634"}],"wp:attachment":[{"href":"https:\/\/prensapresidencialvenezuela.gob.ve\/index.php\/wp-json\/wp\/v2\/media?parent=21633"}],"wp:term":[{"taxonomy":"category","embeddable":true,"href":"https:\/\/prensapresidencialvenezuela.gob.ve\/index.php\/wp-json\/wp\/v2\/categories?post=21633"},{"taxonomy":"post_tag","embeddable":true,"href":"https:\/\/prensapresidencialvenezuela.gob.ve\/index.php\/wp-json\/wp\/v2\/tags?post=21633"}],"curies":[{"name":"wp","href":"https:\/\/api.w.org\/{rel}","templated":true}]}}