{"id":21636,"date":"2025-07-16T18:26:19","date_gmt":"2025-07-16T22:26:19","guid":{"rendered":"https:\/\/prensapresidencialvenezuela.gob.ve\/?p=21636"},"modified":"2025-07-16T19:07:16","modified_gmt":"2025-07-16T23:07:16","slug":"pueblo-del-zulia-aprendio-la-leccion-sabe-de-antidemocracia-fraude-y-mentira","status":"publish","type":"post","link":"https:\/\/prensapresidencialvenezuela.gob.ve\/index.php\/2025\/07\/16\/pueblo-del-zulia-aprendio-la-leccion-sabe-de-antidemocracia-fraude-y-mentira\/","title":{"rendered":"Pueblo del Zulia aprendi\u00f3 la lecci\u00f3n, sabe de antidemocracia, fraude y mentira"},"content":{"rendered":"\n<p><strong>El Manzanillo, Zulia.-<\/strong> Durante el recorrido que realiza el presidente de la Rep\u00fablica Bolivariana de Venezuela, Nicol\u00e1s Maduro Moros, junto a la Primera Dama y Diputada a la Asamblea Nacional, Cilia Flores, por las \u00e1reas rehabilitadas y recuperadas de la Escuela B\u00e1sica Dr. Juan Saba Rivera, ubicada en la Comuna Socialista \u00abHugo Rafael Ch\u00e1vez Fr\u00edas\u00bb, del municipio San Francisco del estado Zulia, lograron ratificar el compromiso que tiene el pueblo zuliano con los procesos democr\u00e1ticos.<\/p>\n\n\n\n<p>La Primera Combatiente manifest\u00f3 con profunda emoci\u00f3n el nivel de organizaci\u00f3n del Poder Popular de esta localidad.<\/p>\n\n\n\n<p>\u00abEstoy feliz porque el Zulia aprendi\u00f3 la lecci\u00f3n (&#8230;) este pueblo eligi\u00f3 tremendo Gobernador, aprendi\u00f3 la lecci\u00f3n. Ya sabe lo que es la antidemocracia, ya sabe lo que es el fraude, la mentira y lo que es verdaderamente el compromiso con el pueblo\u00bb.<\/p>\n\n\n\n<p>El Mandatario se suscribi\u00f3 a estas palabras destacando que los pr\u00f3ximos alcaldes tambi\u00e9n deber\u00e1n estar comprometidos con el pueblo, al ser electos en los pr\u00f3ximos comicios electorales.<\/p>\n\n\n\n<p><strong>Prensa Presidencial\/ Claudia Guerra M\u00e9ndez<\/strong><\/p>\n","protected":false},"excerpt":{"rendered":"<p>El Manzanillo, Zulia.- Durante el recorrido que realiza el presidente de la Rep\u00fablica Bolivariana de Venezuela, Nicol\u00e1s Maduro Moros, junto a la Primera Dama y Diputada a la Asamblea Nacional, Cilia Flores, por las \u00e1reas rehabilitadas y recuperadas de la Escuela B\u00e1sica Dr. Juan Saba Rivera, ubicada en la Comuna Socialista \u00abHugo Rafael Ch\u00e1vez Fr\u00edas\u00bb, [&hellip;]<\/p>\n","protected":false},"author":1,"featured_media":21637,"comment_status":"open","ping_status":"open","sticky":false,"template":"","format":"standard","meta":{"footnotes":""},"categories":[18,7],"tags":[],"class_list":["post-21636","post","type-post","status-publish","format-standard","has-post-thumbnail","hentry","category-noticias-principales","category-notas-de-prensa"],"_links":{"self":[{"href":"https:\/\/prensapresidencialvenezuela.gob.ve\/index.php\/wp-json\/wp\/v2\/posts\/21636","targetHints":{"allow":["GET"]}}],"collection":[{"href":"https:\/\/prensapresidencialvenezuela.gob.ve\/index.php\/wp-json\/wp\/v2\/posts"}],"about":[{"href":"https:\/\/prensapresidencialvenezuela.gob.ve\/index.php\/wp-json\/wp\/v2\/types\/post"}],"author":[{"embeddable":true,"href":"https:\/\/prensapresidencialvenezuela.gob.ve\/index.php\/wp-json\/wp\/v2\/users\/1"}],"replies":[{"embeddable":true,"href":"https:\/\/prensapresidencialvenezuela.gob.ve\/index.php\/wp-json\/wp\/v2\/comments?post=21636"}],"version-history":[{"count":2,"href":"https:\/\/prensapresidencialvenezuela.gob.ve\/index.php\/wp-json\/wp\/v2\/posts\/21636\/revisions"}],"predecessor-version":[{"id":21643,"href":"https:\/\/prensapresidencialvenezuela.gob.ve\/index.php\/wp-json\/wp\/v2\/posts\/21636\/revisions\/21643"}],"wp:featuredmedia":[{"embeddable":true,"href":"https:\/\/prensapresidencialvenezuela.gob.ve\/index.php\/wp-json\/wp\/v2\/media\/21637"}],"wp:attachment":[{"href":"https:\/\/prensapresidencialvenezuela.gob.ve\/index.php\/wp-json\/wp\/v2\/media?parent=21636"}],"wp:term":[{"taxonomy":"category","embeddable":true,"href":"https:\/\/prensapresidencialvenezuela.gob.ve\/index.php\/wp-json\/wp\/v2\/categories?post=21636"},{"taxonomy":"post_tag","embeddable":true,"href":"https:\/\/prensapresidencialvenezuela.gob.ve\/index.php\/wp-json\/wp\/v2\/tags?post=21636"}],"curies":[{"name":"wp","href":"https:\/\/api.w.org\/{rel}","templated":true}]}}