{"id":21642,"date":"2025-07-16T19:17:48","date_gmt":"2025-07-16T23:17:48","guid":{"rendered":"https:\/\/prensapresidencialvenezuela.gob.ve\/?p=21642"},"modified":"2025-07-16T19:17:49","modified_gmt":"2025-07-16T23:17:49","slug":"poder-popular-ha-ejecutado-2-mil-obras-en-menos-de-un-ano-en-el-zulia","status":"publish","type":"post","link":"https:\/\/prensapresidencialvenezuela.gob.ve\/index.php\/2025\/07\/16\/poder-popular-ha-ejecutado-2-mil-obras-en-menos-de-un-ano-en-el-zulia\/","title":{"rendered":"Poder Popular ha ejecutado 2 mil obras en menos de un a\u00f1o en el Zulia"},"content":{"rendered":"\n<p><strong>El Manzanillo, Zulia.- <\/strong>El Gobernador del estado Zulia, Luis Caldera, inform\u00f3 este mi\u00e9rcoles que el Poder Popular de la entidad ha ejecutado<strong> m\u00e1s de 2 mil obras<\/strong> en apenas solo un a\u00f1o, un acto que considera un logro organizativo de la bases y una de las fortalezas del Sistema de Gobierno Comunal Popular.<\/p>\n\n\n\n<p>Durante un recorrido por la Escuela B\u00e1sica Dr. Juan Saba Rivera, Comuna Socialista Hugo Rafael Ch\u00e1vez Fr\u00edas, sector El Manzanillo, parroquia Francisco Ochoa, municipio San Francisco, estado Zulia, donde acompa\u00f1\u00f3 al presidente de la Rep\u00fablica Bolivariana de Venezuela, Nicol\u00e1s Maduro, para mostrar avances de los proyectos liderados por el pueblo, indic\u00f3 que los proyectos son \u00abun milagro de la comuna\u00bb.<\/p>\n\n\n\n<h4 class=\"wp-block-heading alignwide\"><strong>\u00abCada consulta son 576 proyectos y esta comuna es un ejemplo, porque tiene un territorio grande y tiene m\u00e1s de 49 consejos comunales. Y la Sala de Autogobierno Regional coordina con ellos, porque hay proyectos que son de largo alcance, como la construcci\u00f3n de un colector de aguas servidas. Ellos, por ejemplo, compran la tuber\u00eda y ahora entra la gobernaci\u00f3n con la maquinaria. Entonces, la Sala de Autogobierno recibe lo que ellos env\u00edan de su sala para aquellos proyectos que son de alto impacto\u00bb, explic\u00f3 sobre la din\u00e1mica de articulaci\u00f3n que existe entre el pueblo &#8211; gobierno y que ha sido el punto clave para el avance eficaz y eficiente de las obras.<\/strong><\/h4>\n\n\n\n<figure class=\"wp-block-image size-large\"><img fetchpriority=\"high\" decoding=\"async\" width=\"1024\" height=\"683\" src=\"https:\/\/prensapresidencialvenezuela.gob.ve\/wp-content\/uploads\/2025\/07\/14_JZ_L6573_P-1-1024x683.jpg\" alt=\"\" class=\"wp-image-21645\" srcset=\"https:\/\/prensapresidencialvenezuela.gob.ve\/wp-content\/uploads\/2025\/07\/14_JZ_L6573_P-1-1024x683.jpg 1024w, https:\/\/prensapresidencialvenezuela.gob.ve\/wp-content\/uploads\/2025\/07\/14_JZ_L6573_P-1-300x200.jpg 300w, https:\/\/prensapresidencialvenezuela.gob.ve\/wp-content\/uploads\/2025\/07\/14_JZ_L6573_P-1-768x512.jpg 768w, https:\/\/prensapresidencialvenezuela.gob.ve\/wp-content\/uploads\/2025\/07\/14_JZ_L6573_P-1-1536x1024.jpg 1536w, https:\/\/prensapresidencialvenezuela.gob.ve\/wp-content\/uploads\/2025\/07\/14_JZ_L6573_P-1-2048x1365.jpg 2048w\" sizes=\"(max-width: 1024px) 100vw, 1024px\" \/><\/figure>\n\n\n\n<p>El Mandatario nacional, quien ha impulsado la Consulta Popular Nacional para que el pueblo priorice los proyectos de su sector, exalt\u00f3 este acto como una nueva \u00abdemocracia completa, verdadera, que debe generar cada vez m\u00e1s conciencia, m\u00e1s participaci\u00f3n, m\u00e1s Poder Popular\u00bb.<\/p>\n\n\n\n<p>\u00abHermosa la historia que estamos escribiendo, una historia totalmente nueva\u00bb, dijo al respecto del significado que tiene esta acci\u00f3n en la construcci\u00f3n de un Estado Comunal, el fortalecimiento de la democracia participativa y la interrelaci\u00f3n Estado &#8211; Pueblo.<\/p>\n\n\n\n<p><strong>Prensa Presidencial \/ Iliana Rosales<\/strong><\/p>\n\n\n\n<p><\/p>\n","protected":false},"excerpt":{"rendered":"<p>El Manzanillo, Zulia.- El Gobernador del estado Zulia, Luis Caldera, inform\u00f3 este mi\u00e9rcoles que el Poder Popular de la entidad ha ejecutado m\u00e1s de 2 mil obras en apenas solo un a\u00f1o, un acto que considera un logro organizativo de la bases y una de las fortalezas del Sistema de Gobierno Comunal Popular. Durante un [&hellip;]<\/p>\n","protected":false},"author":1,"featured_media":21644,"comment_status":"open","ping_status":"open","sticky":false,"template":"","format":"standard","meta":{"footnotes":""},"categories":[18,7],"tags":[],"class_list":["post-21642","post","type-post","status-publish","format-standard","has-post-thumbnail","hentry","category-noticias-principales","category-notas-de-prensa"],"_links":{"self":[{"href":"https:\/\/prensapresidencialvenezuela.gob.ve\/index.php\/wp-json\/wp\/v2\/posts\/21642","targetHints":{"allow":["GET"]}}],"collection":[{"href":"https:\/\/prensapresidencialvenezuela.gob.ve\/index.php\/wp-json\/wp\/v2\/posts"}],"about":[{"href":"https:\/\/prensapresidencialvenezuela.gob.ve\/index.php\/wp-json\/wp\/v2\/types\/post"}],"author":[{"embeddable":true,"href":"https:\/\/prensapresidencialvenezuela.gob.ve\/index.php\/wp-json\/wp\/v2\/users\/1"}],"replies":[{"embeddable":true,"href":"https:\/\/prensapresidencialvenezuela.gob.ve\/index.php\/wp-json\/wp\/v2\/comments?post=21642"}],"version-history":[{"count":1,"href":"https:\/\/prensapresidencialvenezuela.gob.ve\/index.php\/wp-json\/wp\/v2\/posts\/21642\/revisions"}],"predecessor-version":[{"id":21646,"href":"https:\/\/prensapresidencialvenezuela.gob.ve\/index.php\/wp-json\/wp\/v2\/posts\/21642\/revisions\/21646"}],"wp:featuredmedia":[{"embeddable":true,"href":"https:\/\/prensapresidencialvenezuela.gob.ve\/index.php\/wp-json\/wp\/v2\/media\/21644"}],"wp:attachment":[{"href":"https:\/\/prensapresidencialvenezuela.gob.ve\/index.php\/wp-json\/wp\/v2\/media?parent=21642"}],"wp:term":[{"taxonomy":"category","embeddable":true,"href":"https:\/\/prensapresidencialvenezuela.gob.ve\/index.php\/wp-json\/wp\/v2\/categories?post=21642"},{"taxonomy":"post_tag","embeddable":true,"href":"https:\/\/prensapresidencialvenezuela.gob.ve\/index.php\/wp-json\/wp\/v2\/tags?post=21642"}],"curies":[{"name":"wp","href":"https:\/\/api.w.org\/{rel}","templated":true}]}}