{"id":21647,"date":"2025-07-16T19:22:01","date_gmt":"2025-07-16T23:22:01","guid":{"rendered":"https:\/\/prensapresidencialvenezuela.gob.ve\/?p=21647"},"modified":"2025-07-16T19:22:02","modified_gmt":"2025-07-16T23:22:02","slug":"gobierno-refuerza-atencion-al-zulia-con-nuevo-padrino-y-supervision-de-obras-comunales","status":"publish","type":"post","link":"https:\/\/prensapresidencialvenezuela.gob.ve\/index.php\/2025\/07\/16\/gobierno-refuerza-atencion-al-zulia-con-nuevo-padrino-y-supervision-de-obras-comunales\/","title":{"rendered":"Gobierno refuerza atenci\u00f3n al Zulia con nuevo padrino y supervisi\u00f3n de obras comunales"},"content":{"rendered":"\n<p><strong>El Manzanillo, Zulia.-<\/strong> En un esfuerzo por fortalecer la gesti\u00f3n y el desarrollo en el estado Zulia, el presidente de la Rep\u00fablica Bolivariana de Venezuela, Nicol\u00e1s Maduro, design\u00f3 este mi\u00e9rcoles al vicepresidente sectorial de Obras P\u00fablicas y Servicios, Jorge M\u00e1rquez, como el nuevo padrino de la entidad.<\/p>\n\n\n\n<h2 class=\"wp-block-heading alignwide\">El anuncio se realiz\u00f3 durante el segmento \u00ab#ConMaduroEnLaV\u00eda\u00bb, donde el Mandatario nacional enfatiz\u00f3 que esta medida busca potenciar proyectos que eleven la calidad de vida de los ciudadanos zulianos.<\/h2>\n\n\n\n<figure class=\"wp-block-image size-large\"><img fetchpriority=\"high\" decoding=\"async\" width=\"768\" height=\"1024\" src=\"https:\/\/prensapresidencialvenezuela.gob.ve\/wp-content\/uploads\/2025\/07\/photo_5170355646552452710_y-768x1024.jpg\" alt=\"\" class=\"wp-image-21649\" srcset=\"https:\/\/prensapresidencialvenezuela.gob.ve\/wp-content\/uploads\/2025\/07\/photo_5170355646552452710_y-768x1024.jpg 768w, https:\/\/prensapresidencialvenezuela.gob.ve\/wp-content\/uploads\/2025\/07\/photo_5170355646552452710_y-225x300.jpg 225w, https:\/\/prensapresidencialvenezuela.gob.ve\/wp-content\/uploads\/2025\/07\/photo_5170355646552452710_y.jpg 960w\" sizes=\"(max-width: 768px) 100vw, 768px\" \/><\/figure>\n\n\n\n<p>Adem\u00e1s, inform\u00f3 que realizar\u00e1 una pr\u00f3xima visita al Circuito Comunal Hugo Ch\u00e1vez Fr\u00edas, para inspeccionar las obras que se est\u00e1n ejecutando en conjunto con la corporaci\u00f3n Juntos Todo es Posible. Este circuito, que fue el m\u00e1s votado en las elecciones del pasado 25 de mayo, ha sido declarado como una prioridad para el Gobierno Bolivariano, subrayando el compromiso con el Poder Popular y la organizaci\u00f3n comunitaria.<\/p>\n\n\n\n<p>Por su parte, el gobernador del estado Zulia, Luis Caldera, ofreci\u00f3 un balance de la gesti\u00f3n regional, destacando el progreso de m\u00e1s de 2 mil proyectos comunales en la regi\u00f3n en tan solo un a\u00f1o.<\/p>\n\n\n\n<p>Igualmente, resalt\u00f3 la importancia del trabajo territorial y la participaci\u00f3n popular como pilares fundamentales para el avance de estas iniciativas.<\/p>\n\n\n\n<p>Esta serie de acciones busca consolidar la inversi\u00f3n y el seguimiento de proyectos cruciales para el bienestar del pueblo zuliano, reafirmando el enfoque del Gobierno Bolivariano en el desarrollo local y la atenci\u00f3n directa a las comunidades.<\/p>\n\n\n\n<p><strong>Prensa Presidencial \/ Iliana Rosales<\/strong><\/p>\n","protected":false},"excerpt":{"rendered":"<p>El Manzanillo, Zulia.- En un esfuerzo por fortalecer la gesti\u00f3n y el desarrollo en el estado Zulia, el presidente de la Rep\u00fablica Bolivariana de Venezuela, Nicol\u00e1s Maduro, design\u00f3 este mi\u00e9rcoles al vicepresidente sectorial de Obras P\u00fablicas y Servicios, Jorge M\u00e1rquez, como el nuevo padrino de la entidad. El anuncio se realiz\u00f3 durante el segmento \u00ab#ConMaduroEnLaV\u00eda\u00bb, [&hellip;]<\/p>\n","protected":false},"author":1,"featured_media":21648,"comment_status":"open","ping_status":"open","sticky":false,"template":"","format":"standard","meta":{"footnotes":""},"categories":[18,7],"tags":[],"class_list":["post-21647","post","type-post","status-publish","format-standard","has-post-thumbnail","hentry","category-noticias-principales","category-notas-de-prensa"],"_links":{"self":[{"href":"https:\/\/prensapresidencialvenezuela.gob.ve\/index.php\/wp-json\/wp\/v2\/posts\/21647","targetHints":{"allow":["GET"]}}],"collection":[{"href":"https:\/\/prensapresidencialvenezuela.gob.ve\/index.php\/wp-json\/wp\/v2\/posts"}],"about":[{"href":"https:\/\/prensapresidencialvenezuela.gob.ve\/index.php\/wp-json\/wp\/v2\/types\/post"}],"author":[{"embeddable":true,"href":"https:\/\/prensapresidencialvenezuela.gob.ve\/index.php\/wp-json\/wp\/v2\/users\/1"}],"replies":[{"embeddable":true,"href":"https:\/\/prensapresidencialvenezuela.gob.ve\/index.php\/wp-json\/wp\/v2\/comments?post=21647"}],"version-history":[{"count":1,"href":"https:\/\/prensapresidencialvenezuela.gob.ve\/index.php\/wp-json\/wp\/v2\/posts\/21647\/revisions"}],"predecessor-version":[{"id":21650,"href":"https:\/\/prensapresidencialvenezuela.gob.ve\/index.php\/wp-json\/wp\/v2\/posts\/21647\/revisions\/21650"}],"wp:featuredmedia":[{"embeddable":true,"href":"https:\/\/prensapresidencialvenezuela.gob.ve\/index.php\/wp-json\/wp\/v2\/media\/21648"}],"wp:attachment":[{"href":"https:\/\/prensapresidencialvenezuela.gob.ve\/index.php\/wp-json\/wp\/v2\/media?parent=21647"}],"wp:term":[{"taxonomy":"category","embeddable":true,"href":"https:\/\/prensapresidencialvenezuela.gob.ve\/index.php\/wp-json\/wp\/v2\/categories?post=21647"},{"taxonomy":"post_tag","embeddable":true,"href":"https:\/\/prensapresidencialvenezuela.gob.ve\/index.php\/wp-json\/wp\/v2\/tags?post=21647"}],"curies":[{"name":"wp","href":"https:\/\/api.w.org\/{rel}","templated":true}]}}