{"id":21651,"date":"2025-07-16T19:50:53","date_gmt":"2025-07-16T23:50:53","guid":{"rendered":"https:\/\/prensapresidencialvenezuela.gob.ve\/?p=21651"},"modified":"2025-07-16T19:50:53","modified_gmt":"2025-07-16T23:50:53","slug":"6-mil-comunas-consolidadas-en-todo-el-pais-es-la-meta-para-el-2027","status":"publish","type":"post","link":"https:\/\/prensapresidencialvenezuela.gob.ve\/index.php\/2025\/07\/16\/6-mil-comunas-consolidadas-en-todo-el-pais-es-la-meta-para-el-2027\/","title":{"rendered":"6 mil Comunas consolidadas en todo el pa\u00eds es la meta para el 2027"},"content":{"rendered":"\n<p><strong>El Manzanillo, Zulia.- <\/strong>Desde la Comuna Socialista Hugo Rafael Ch\u00e1vez Fr\u00edas, del municipio San Francisco del estado Zulia, el Jefe de Estado expres\u00f3, con gran compromiso y emotividad, que tiene grandes desaf\u00edos para los pr\u00f3ximos a\u00f1os.<\/p>\n\n\n\n<p><strong>\u00abEl 1.<sup>o<\/sup> de enero de 2027, mi meta es 6 mil Comunas consolidadas, 6 mil. Cada circuito comunal tiene que ir transform\u00e1ndose, construy\u00e9ndose y debe surgir una Comuna consolidada\u00bb, enfatiz\u00f3.<\/strong><\/p>\n\n\n\n<p>El jefe de Estado enfatiz\u00f3 que, en los pr\u00f3ximos 4 a\u00f1os el pueblo zuliano, con sus propias manos y administrando sus propios recursos, pudiera construir 9 mil obras que beneficien a la colectividad, logrando la transformaci\u00f3n de su estado para ser otro, en la que el Zulia alcanzar\u00eda su momento de esplendor, de belleza, de consolidaci\u00f3n de infraestructura y educativa.<\/p>\n\n\n\n<p>El Mandatario nacional dijo que pr\u00f3ximo 27 de julio es el d\u00eda para apoyar a la juventud y exhort\u00f3 a los adultos mayores y a los padres y madres de j\u00f3venes a votar por los proyectos de los j\u00f3venes de hoy.<\/p>\n\n\n\n<p><strong><em>Centro de Odontolog\u00eda para Unare<\/em><\/strong><\/p>\n\n\n\n<p>A trav\u00e9s de un pase televisivo desde la parroquia Unare, de Ciudad Guayana, estado Bol\u00edvar, la gobernadora, Yulisbeth Garc\u00eda, hizo entrega de un m\u00f3dulo de atenci\u00f3n odontol\u00f3gica para los habitantes de los 11 sectores de esta comunidad.<\/p>\n\n\n\n<h2 class=\"wp-block-heading alignwide\">Son m\u00e1s de 15 especialidades las que se atienden en este centro de salud, en beneficio de ni\u00f1os, ni\u00f1as, hombres, mujeres y adultos mayores del pueblo sure\u00f1o.<\/h2>\n\n\n\n<p><strong>Prensa Presidencial\/ Claudia Guerra M\u00e9ndez<\/strong><\/p>\n\n\n\n<p><\/p>\n","protected":false},"excerpt":{"rendered":"<p>El Manzanillo, Zulia.- Desde la Comuna Socialista Hugo Rafael Ch\u00e1vez Fr\u00edas, del municipio San Francisco del estado Zulia, el Jefe de Estado expres\u00f3, con gran compromiso y emotividad, que tiene grandes desaf\u00edos para los pr\u00f3ximos a\u00f1os. \u00abEl 1.o de enero de 2027, mi meta es 6 mil Comunas consolidadas, 6 mil. Cada circuito comunal tiene [&hellip;]<\/p>\n","protected":false},"author":1,"featured_media":21653,"comment_status":"open","ping_status":"open","sticky":false,"template":"","format":"standard","meta":{"footnotes":""},"categories":[18,7],"tags":[],"class_list":["post-21651","post","type-post","status-publish","format-standard","has-post-thumbnail","hentry","category-noticias-principales","category-notas-de-prensa"],"_links":{"self":[{"href":"https:\/\/prensapresidencialvenezuela.gob.ve\/index.php\/wp-json\/wp\/v2\/posts\/21651","targetHints":{"allow":["GET"]}}],"collection":[{"href":"https:\/\/prensapresidencialvenezuela.gob.ve\/index.php\/wp-json\/wp\/v2\/posts"}],"about":[{"href":"https:\/\/prensapresidencialvenezuela.gob.ve\/index.php\/wp-json\/wp\/v2\/types\/post"}],"author":[{"embeddable":true,"href":"https:\/\/prensapresidencialvenezuela.gob.ve\/index.php\/wp-json\/wp\/v2\/users\/1"}],"replies":[{"embeddable":true,"href":"https:\/\/prensapresidencialvenezuela.gob.ve\/index.php\/wp-json\/wp\/v2\/comments?post=21651"}],"version-history":[{"count":1,"href":"https:\/\/prensapresidencialvenezuela.gob.ve\/index.php\/wp-json\/wp\/v2\/posts\/21651\/revisions"}],"predecessor-version":[{"id":21652,"href":"https:\/\/prensapresidencialvenezuela.gob.ve\/index.php\/wp-json\/wp\/v2\/posts\/21651\/revisions\/21652"}],"wp:featuredmedia":[{"embeddable":true,"href":"https:\/\/prensapresidencialvenezuela.gob.ve\/index.php\/wp-json\/wp\/v2\/media\/21653"}],"wp:attachment":[{"href":"https:\/\/prensapresidencialvenezuela.gob.ve\/index.php\/wp-json\/wp\/v2\/media?parent=21651"}],"wp:term":[{"taxonomy":"category","embeddable":true,"href":"https:\/\/prensapresidencialvenezuela.gob.ve\/index.php\/wp-json\/wp\/v2\/categories?post=21651"},{"taxonomy":"post_tag","embeddable":true,"href":"https:\/\/prensapresidencialvenezuela.gob.ve\/index.php\/wp-json\/wp\/v2\/tags?post=21651"}],"curies":[{"name":"wp","href":"https:\/\/api.w.org\/{rel}","templated":true}]}}