{"id":21655,"date":"2025-07-16T20:02:02","date_gmt":"2025-07-17T00:02:02","guid":{"rendered":"https:\/\/prensapresidencialvenezuela.gob.ve\/?p=21655"},"modified":"2025-07-16T20:02:02","modified_gmt":"2025-07-17T00:02:02","slug":"con-juntos-todo-es-posible-poder-popular-lidera-soluciones-hidricas-y-gestion-territorial","status":"publish","type":"post","link":"https:\/\/prensapresidencialvenezuela.gob.ve\/index.php\/2025\/07\/16\/con-juntos-todo-es-posible-poder-popular-lidera-soluciones-hidricas-y-gestion-territorial\/","title":{"rendered":"Con \u00abJuntos Todo es Posible\u00bb: Poder Popular lidera soluciones h\u00eddricas y gesti\u00f3n territorial \u00a0"},"content":{"rendered":"\n<p><strong>El Manzanillo, Zulia.<\/strong> \u2013 El presidente Nicol\u00e1s Maduro enfatiz\u00f3 este mi\u00e9rcoles la importancia del papel que tiene el Poder Popular en la cogesti\u00f3n local, luego de conocer los avances de un proyecto de conexi\u00f3n de agua potable y servida en la ciudad de Maracaibo, estado Zulia, ejecutado por la Corporaci\u00f3n Juntos todo es Posible y como parte de la Consulta Nacional Popular del pasado mes de mayo.<\/p>\n\n\n\n<p>El proyecto en cuesti\u00f3n, presentado por voceros del Poder Popular, tuvo por objetivo solventar la escasez de agua potable en los sectores Sierra Maestra, Coraz\u00f3n de Jes\u00fas y, especialmente, El Manzanillo y Punta de Piedra, algunos de los cuales llevan hasta 40 a\u00f1os sin el servicio. La soluci\u00f3n identificada implic\u00f3 una conexi\u00f3n de tuber\u00edas desde un tanque ubicado en el kil\u00f3metro 4 de Maracaibo, una noticia que, seg\u00fan los l\u00edderes comunitarios, fue recibida con sorpresa ante la existencia de la infraestructura.<\/p>\n\n\n\n<p>El Mandatario nacional destac\u00f3 la importancia de no solo enfocarse en la conexi\u00f3n y el caudal del agua, sino tambi\u00e9n en la previsi\u00f3n de posibles da\u00f1os en las tuber\u00edas dentro de las comunidades y hogares. El Presidente record\u00f3 una experiencia similar en Car\u00fapano, donde la reactivaci\u00f3n de un acueducto gener\u00f3 roturas y filtraciones debido a la antig\u00fcedad de las tuber\u00edas internas.<\/p>\n\n\n\n<h2 class=\"wp-block-heading alignwide\"><strong>\u00abHay que preverlo todo, no solamente la conexi\u00f3n, la fuerza del agua, la constancia del agua, sino en la casa, all\u00ed en la comunidad, tambi\u00e9n prever cu\u00e1nto cuesta, cu\u00e1nto se necesita y que la gente tenga su tuber\u00eda sana, completa\u00bb, solicit\u00f3 el Presidente al vicepresidente sectorial de Obras P\u00fablicas y Servicios, Jorge M\u00e1rquez, quien funge como padrino de la entidad.<\/strong><\/h2>\n\n\n\n<p><strong>Prensa Presidencial \/ Iliana Rosales<\/strong><\/p>\n\n\n\n<p><\/p>\n","protected":false},"excerpt":{"rendered":"<p>El Manzanillo, Zulia. \u2013 El presidente Nicol\u00e1s Maduro enfatiz\u00f3 este mi\u00e9rcoles la importancia del papel que tiene el Poder Popular en la cogesti\u00f3n local, luego de conocer los avances de un proyecto de conexi\u00f3n de agua potable y servida en la ciudad de Maracaibo, estado Zulia, ejecutado por la Corporaci\u00f3n Juntos todo es Posible y [&hellip;]<\/p>\n","protected":false},"author":1,"featured_media":21656,"comment_status":"open","ping_status":"open","sticky":false,"template":"","format":"standard","meta":{"footnotes":""},"categories":[18,7],"tags":[],"class_list":["post-21655","post","type-post","status-publish","format-standard","has-post-thumbnail","hentry","category-noticias-principales","category-notas-de-prensa"],"_links":{"self":[{"href":"https:\/\/prensapresidencialvenezuela.gob.ve\/index.php\/wp-json\/wp\/v2\/posts\/21655","targetHints":{"allow":["GET"]}}],"collection":[{"href":"https:\/\/prensapresidencialvenezuela.gob.ve\/index.php\/wp-json\/wp\/v2\/posts"}],"about":[{"href":"https:\/\/prensapresidencialvenezuela.gob.ve\/index.php\/wp-json\/wp\/v2\/types\/post"}],"author":[{"embeddable":true,"href":"https:\/\/prensapresidencialvenezuela.gob.ve\/index.php\/wp-json\/wp\/v2\/users\/1"}],"replies":[{"embeddable":true,"href":"https:\/\/prensapresidencialvenezuela.gob.ve\/index.php\/wp-json\/wp\/v2\/comments?post=21655"}],"version-history":[{"count":1,"href":"https:\/\/prensapresidencialvenezuela.gob.ve\/index.php\/wp-json\/wp\/v2\/posts\/21655\/revisions"}],"predecessor-version":[{"id":21657,"href":"https:\/\/prensapresidencialvenezuela.gob.ve\/index.php\/wp-json\/wp\/v2\/posts\/21655\/revisions\/21657"}],"wp:featuredmedia":[{"embeddable":true,"href":"https:\/\/prensapresidencialvenezuela.gob.ve\/index.php\/wp-json\/wp\/v2\/media\/21656"}],"wp:attachment":[{"href":"https:\/\/prensapresidencialvenezuela.gob.ve\/index.php\/wp-json\/wp\/v2\/media?parent=21655"}],"wp:term":[{"taxonomy":"category","embeddable":true,"href":"https:\/\/prensapresidencialvenezuela.gob.ve\/index.php\/wp-json\/wp\/v2\/categories?post=21655"},{"taxonomy":"post_tag","embeddable":true,"href":"https:\/\/prensapresidencialvenezuela.gob.ve\/index.php\/wp-json\/wp\/v2\/tags?post=21655"}],"curies":[{"name":"wp","href":"https:\/\/api.w.org\/{rel}","templated":true}]}}