{"id":21658,"date":"2025-07-16T21:08:02","date_gmt":"2025-07-17T01:08:02","guid":{"rendered":"https:\/\/prensapresidencialvenezuela.gob.ve\/?p=21658"},"modified":"2025-07-16T21:08:02","modified_gmt":"2025-07-17T01:08:02","slug":"presidente-maduro-recorre-palacio-de-los-condores-en-maracaibo","status":"publish","type":"post","link":"https:\/\/prensapresidencialvenezuela.gob.ve\/index.php\/2025\/07\/16\/presidente-maduro-recorre-palacio-de-los-condores-en-maracaibo\/","title":{"rendered":"Presidente Maduro recorre Palacio de los C\u00f3ndores en Maracaibo"},"content":{"rendered":"\n<p><strong>Maracaibo, estado Zulia. &#8211;<\/strong> El presidente de la Rep\u00fablica Bolivariana de Venezuela, Nicol\u00e1s Maduro, realiz\u00f3 una visita al Palacio de Gobierno de Zulia, conocido como Palacio de los C\u00f3ndores, donde recorri\u00f3 sus espacios emblem\u00e1ticos y sostuvo un encuentro con el equipo de liderazgo regional, encabezado por el gobernador Luis Gerardo Caldera Morales.&nbsp;<\/p>\n\n\n\n<p><strong>Refuerzo a la gesti\u00f3n revolucionaria&nbsp;<\/strong><\/p>\n\n\n\n<p>Durante la visita, el Mandatario venezolano fue recibido por las autoridades del estado en un acto que reafirma el compromiso del Ejecutivo nacional con las gestiones y procesos de transformaci\u00f3n que impulsa el gobierno bolivariano en la regi\u00f3n.&nbsp;<\/p>\n\n\n\n<p>El gobernador Caldera Morales present\u00f3 oficialmente al Presidente su equipo de trabajo, quienes est\u00e1n encargados de gestionar y consolidar el Sistema de Gobierno Comunal y Popular en la entidad.&nbsp;<\/p>\n\n\n\n<figure class=\"wp-block-image size-large\"><img fetchpriority=\"high\" decoding=\"async\" width=\"1024\" height=\"682\" src=\"https:\/\/prensapresidencialvenezuela.gob.ve\/wp-content\/uploads\/2025\/07\/photo_5170163472535760751_y-1024x682.jpg\" alt=\"\" class=\"wp-image-21661\" srcset=\"https:\/\/prensapresidencialvenezuela.gob.ve\/wp-content\/uploads\/2025\/07\/photo_5170163472535760751_y-1024x682.jpg 1024w, https:\/\/prensapresidencialvenezuela.gob.ve\/wp-content\/uploads\/2025\/07\/photo_5170163472535760751_y-300x200.jpg 300w, https:\/\/prensapresidencialvenezuela.gob.ve\/wp-content\/uploads\/2025\/07\/photo_5170163472535760751_y-768x512.jpg 768w, https:\/\/prensapresidencialvenezuela.gob.ve\/wp-content\/uploads\/2025\/07\/photo_5170163472535760751_y.jpg 1280w\" sizes=\"(max-width: 1024px) 100vw, 1024px\" \/><\/figure>\n\n\n\n<p><strong>Proyectos enmarcados en la visi\u00f3n Bolivariana&nbsp;<\/strong><\/p>\n\n\n\n<p>El encuentro tuvo como principal prop\u00f3sito fortalecer la gesti\u00f3n del modelo revolucionario y promover la ejecuci\u00f3n de proyectos enmarcados en la visi\u00f3n del proceso pol\u00edtico que lidera la revoluci\u00f3n bolivariana en Zulia.&nbsp;<\/p>\n\n\n\n<p>Este acto refleja el compromiso permanente del gobierno nacional con el pueblo zuliano, en un momento donde la lucha por la justicia social, la soberan\u00eda y la participaci\u00f3n popular contin\u00faan siendo los ejes centrales de la administraci\u00f3n p\u00fablica en Venezuela.&nbsp;<\/p>\n\n\n\n<p><strong>Supervisi\u00f3n de avances en el poder comunal<\/strong><\/p>\n\n\n\n<p>La visita del jefe de Estado a Zulia se produjo luego de que supervisara los avances en la consolidaci\u00f3n del Sistema de Gobierno Comunal y Popular, incluyendo un recorrido por la \u00abComuna Socialista Hugo Rafael Ch\u00e1vez Fr\u00edas\u00bb, ubicada en el sector El Manzanillo del municipio San Francisco.&nbsp;<\/p>\n\n\n\n<p>La Primera Dama, Cilia Flores, quien acompa\u00f1\u00f3 al Mandatario en la actividad, destac\u00f3 el nivel de organizaci\u00f3n del Poder Popular en la localidad: \u00abEstoy feliz porque el Zulia aprendi\u00f3 la lecci\u00f3n (\u2026) este pueblo eligi\u00f3 tremendo Gobernador, aprendi\u00f3 la lecci\u00f3n. Ya sabe lo que es la antidemocracia, ya sabe lo que es el fraude, la mentira y lo que es verdaderamente el compromiso con el pueblo\u00bb.&nbsp;<\/p>\n\n\n\n<p>Por su parte, Juan, l\u00edder de la comunidad, expres\u00f3: \u00abLas comunas fueron ejemplo de unidad y coacci\u00f3n para garantizar la paz en el territorio en esos tiempos\u00bb.&nbsp;<\/p>\n\n\n\n<p>Con estas acciones, el Gobierno Bolivariano reafirma su respaldo al desarrollo del poder popular y la profundizaci\u00f3n del modelo revolucionario en el estado Zulia, tras la contundente victoria electoral el pasado 25 de mayo que ratific\u00f3 el apoyo del pueblo a la gesti\u00f3n del presidente Maduro.<\/p>\n\n\n\n<p><strong>Prensa Presidencial\/ Luis Tavera<\/strong><\/p>\n","protected":false},"excerpt":{"rendered":"<p>Maracaibo, estado Zulia. &#8211; El presidente de la Rep\u00fablica Bolivariana de Venezuela, Nicol\u00e1s Maduro, realiz\u00f3 una visita al Palacio de Gobierno de Zulia, conocido como Palacio de los C\u00f3ndores, donde recorri\u00f3 sus espacios emblem\u00e1ticos y sostuvo un encuentro con el equipo de liderazgo regional, encabezado por el gobernador Luis Gerardo Caldera Morales.&nbsp; Refuerzo a la [&hellip;]<\/p>\n","protected":false},"author":1,"featured_media":21659,"comment_status":"open","ping_status":"open","sticky":false,"template":"","format":"standard","meta":{"footnotes":""},"categories":[18,7],"tags":[],"class_list":["post-21658","post","type-post","status-publish","format-standard","has-post-thumbnail","hentry","category-noticias-principales","category-notas-de-prensa"],"_links":{"self":[{"href":"https:\/\/prensapresidencialvenezuela.gob.ve\/index.php\/wp-json\/wp\/v2\/posts\/21658","targetHints":{"allow":["GET"]}}],"collection":[{"href":"https:\/\/prensapresidencialvenezuela.gob.ve\/index.php\/wp-json\/wp\/v2\/posts"}],"about":[{"href":"https:\/\/prensapresidencialvenezuela.gob.ve\/index.php\/wp-json\/wp\/v2\/types\/post"}],"author":[{"embeddable":true,"href":"https:\/\/prensapresidencialvenezuela.gob.ve\/index.php\/wp-json\/wp\/v2\/users\/1"}],"replies":[{"embeddable":true,"href":"https:\/\/prensapresidencialvenezuela.gob.ve\/index.php\/wp-json\/wp\/v2\/comments?post=21658"}],"version-history":[{"count":1,"href":"https:\/\/prensapresidencialvenezuela.gob.ve\/index.php\/wp-json\/wp\/v2\/posts\/21658\/revisions"}],"predecessor-version":[{"id":21662,"href":"https:\/\/prensapresidencialvenezuela.gob.ve\/index.php\/wp-json\/wp\/v2\/posts\/21658\/revisions\/21662"}],"wp:featuredmedia":[{"embeddable":true,"href":"https:\/\/prensapresidencialvenezuela.gob.ve\/index.php\/wp-json\/wp\/v2\/media\/21659"}],"wp:attachment":[{"href":"https:\/\/prensapresidencialvenezuela.gob.ve\/index.php\/wp-json\/wp\/v2\/media?parent=21658"}],"wp:term":[{"taxonomy":"category","embeddable":true,"href":"https:\/\/prensapresidencialvenezuela.gob.ve\/index.php\/wp-json\/wp\/v2\/categories?post=21658"},{"taxonomy":"post_tag","embeddable":true,"href":"https:\/\/prensapresidencialvenezuela.gob.ve\/index.php\/wp-json\/wp\/v2\/tags?post=21658"}],"curies":[{"name":"wp","href":"https:\/\/api.w.org\/{rel}","templated":true}]}}