{"id":21663,"date":"2025-07-16T22:19:58","date_gmt":"2025-07-17T02:19:58","guid":{"rendered":"https:\/\/prensapresidencialvenezuela.gob.ve\/?p=21663"},"modified":"2025-07-16T22:19:59","modified_gmt":"2025-07-17T02:19:59","slug":"consulta-popular-de-la-juventud-premiara-proyectos-comunitarios-por-volumen-y-porcentaje-de-votos","status":"publish","type":"post","link":"https:\/\/prensapresidencialvenezuela.gob.ve\/index.php\/2025\/07\/16\/consulta-popular-de-la-juventud-premiara-proyectos-comunitarios-por-volumen-y-porcentaje-de-votos\/","title":{"rendered":"Consulta Popular de la Juventud premiar\u00e1 proyectos comunitarios por volumen y porcentaje de votos"},"content":{"rendered":"\n<p><strong>El Manzanillo, Zulia<\/strong>. \u2013 El pr\u00f3ximo domingo 27 de julio, Venezuela se alista para una doble jornada c\u00edvica: la elecci\u00f3n de autoridades municipales y una nueva edici\u00f3n de la Consulta Popular de la Juventud. Esta tercera consulta del a\u00f1o se presenta como una oportunidad para que los j\u00f3venes y las comunidades impulsen proyectos de desarrollo local, con un novedoso esquema de premiaci\u00f3n que reconoce la participaci\u00f3n desde dos perspectivas claves.<\/p>\n\n\n\n<p>El presidente de la Rep\u00fablica Bolivariana de Venezuela, Nicol\u00e1s Maduro, desde la Escuela B\u00e1sica Dr. Juan Saba Rivera, de la Comuna Socialista Hugo Rafael Ch\u00e1vez Fr\u00edas, en el sector El Manzanillo, estado Zulia, indic\u00f3 que esta iniciativa busca fortalecer el tejido comunitario y empoderar a la juventud.<\/p>\n\n\n\n<p>Asimismo, mencion\u00f3 que el compromiso del Poder Popular se ver\u00e1 doblemente recompensado, con premios especiales en cada estado del pa\u00eds, destinados a aquellos que demuestren mayor participaci\u00f3n.<\/p>\n\n\n\n<p>El m\u00e9todo de selecci\u00f3n de los proyectos ganadores fue dise\u00f1ado para ser justo e inclusivo, permitiendo que tanto las comunidades con gran n\u00famero de habitantes como las m\u00e1s peque\u00f1as y rurales tengan la misma oportunidad de ver sus ideas convertidas en realidad.<\/p>\n\n\n\n<p>En este sentido, el Mandatario nacional refiri\u00f3 que se destinar\u00e1n diez premios por cada estado, distribuidos de la siguiente manera:<\/p>\n\n\n\n<ul class=\"wp-block-list\">\n<li><strong>Cinco premios a la Participaci\u00f3n Masiva (N\u00famero de Votos):<\/strong> Estos se otorgar\u00e1n a los circuitos comunales que logren el mayor n\u00famero absoluto de electores participantes. Por ejemplo, un circuito comunal con 20 000 votantes censados que movilice a 16 000 personas, superando a otros en cantidad de sufragios, ser\u00e1 reconocido con uno de estos premios principales.<\/li>\n\n\n\n<li><strong>Cinco premios al Compromiso Comunitario (Porcentaje de Votos): <\/strong>Pensando en la equidad y en dar voz a todas las comunidades, los premios restantes se destinar\u00e1n a aquellos circuitos comunales que alcancen el porcentaje de participaci\u00f3n m\u00e1s alto en relaci\u00f3n con su padr\u00f3n electoral. Esta modalidad es crucial para las zonas rurales y las comunidades m\u00e1s peque\u00f1as, donde la intensidad del voto es un indicador clave de cohesi\u00f3n y compromiso. Un centro electoral en Perij\u00e1 que logre un impresionante 99% de participaci\u00f3n, por ejemplo, ser\u00eda un fuerte contendiente en esta categor\u00eda, demostrando un alto nivel de involucramiento de sus miembros.<\/li>\n<\/ul>\n\n\n\n<p>En total, se traducir\u00e1n en 250 proyectos comunitarios para el pueblo de base a lo largo y ancho de los 24 estados del pa\u00eds y el Distrito Capital, que ser\u00e1n financiados e impulsados por el vigor de las comunidades participantes.<\/p>\n\n\n\n<p><strong>Prensa Presidencial \/ Iliana Rosales<\/strong><\/p>\n","protected":false},"excerpt":{"rendered":"<p>El Manzanillo, Zulia. \u2013 El pr\u00f3ximo domingo 27 de julio, Venezuela se alista para una doble jornada c\u00edvica: la elecci\u00f3n de autoridades municipales y una nueva edici\u00f3n de la Consulta Popular de la Juventud. Esta tercera consulta del a\u00f1o se presenta como una oportunidad para que los j\u00f3venes y las comunidades impulsen proyectos de desarrollo [&hellip;]<\/p>\n","protected":false},"author":1,"featured_media":21665,"comment_status":"open","ping_status":"open","sticky":false,"template":"","format":"standard","meta":{"footnotes":""},"categories":[18,7],"tags":[],"class_list":["post-21663","post","type-post","status-publish","format-standard","has-post-thumbnail","hentry","category-noticias-principales","category-notas-de-prensa"],"_links":{"self":[{"href":"https:\/\/prensapresidencialvenezuela.gob.ve\/index.php\/wp-json\/wp\/v2\/posts\/21663","targetHints":{"allow":["GET"]}}],"collection":[{"href":"https:\/\/prensapresidencialvenezuela.gob.ve\/index.php\/wp-json\/wp\/v2\/posts"}],"about":[{"href":"https:\/\/prensapresidencialvenezuela.gob.ve\/index.php\/wp-json\/wp\/v2\/types\/post"}],"author":[{"embeddable":true,"href":"https:\/\/prensapresidencialvenezuela.gob.ve\/index.php\/wp-json\/wp\/v2\/users\/1"}],"replies":[{"embeddable":true,"href":"https:\/\/prensapresidencialvenezuela.gob.ve\/index.php\/wp-json\/wp\/v2\/comments?post=21663"}],"version-history":[{"count":1,"href":"https:\/\/prensapresidencialvenezuela.gob.ve\/index.php\/wp-json\/wp\/v2\/posts\/21663\/revisions"}],"predecessor-version":[{"id":21666,"href":"https:\/\/prensapresidencialvenezuela.gob.ve\/index.php\/wp-json\/wp\/v2\/posts\/21663\/revisions\/21666"}],"wp:featuredmedia":[{"embeddable":true,"href":"https:\/\/prensapresidencialvenezuela.gob.ve\/index.php\/wp-json\/wp\/v2\/media\/21665"}],"wp:attachment":[{"href":"https:\/\/prensapresidencialvenezuela.gob.ve\/index.php\/wp-json\/wp\/v2\/media?parent=21663"}],"wp:term":[{"taxonomy":"category","embeddable":true,"href":"https:\/\/prensapresidencialvenezuela.gob.ve\/index.php\/wp-json\/wp\/v2\/categories?post=21663"},{"taxonomy":"post_tag","embeddable":true,"href":"https:\/\/prensapresidencialvenezuela.gob.ve\/index.php\/wp-json\/wp\/v2\/tags?post=21663"}],"curies":[{"name":"wp","href":"https:\/\/api.w.org\/{rel}","templated":true}]}}