{"id":21667,"date":"2025-07-16T22:40:15","date_gmt":"2025-07-17T02:40:15","guid":{"rendered":"https:\/\/prensapresidencialvenezuela.gob.ve\/?p=21667"},"modified":"2025-07-16T22:40:15","modified_gmt":"2025-07-17T02:40:15","slug":"gobernadores-de-aragua-y-monagas-destacan-logros-en-la-atencion-al-poder-popular-y-la-mejora-de-servicios","status":"publish","type":"post","link":"https:\/\/prensapresidencialvenezuela.gob.ve\/index.php\/2025\/07\/16\/gobernadores-de-aragua-y-monagas-destacan-logros-en-la-atencion-al-poder-popular-y-la-mejora-de-servicios\/","title":{"rendered":"Gobernadores de Aragua y Monagas destacan logros en la atenci\u00f3n al Poder Popular y la mejora de servicios"},"content":{"rendered":"\n<p><strong>Palo Negro, Aragua.-<\/strong> En sendas actividades que resaltan el trabajo conjunto con el Poder Popular, los gobernadores de Aragua y Monagas informaron sobre importantes avances en la atenci\u00f3n de las necesidades de sus comunidades.<\/p>\n\n\n\n<p><strong>Aragua: Restablecimiento del servicio de agua potable en el municipio Libertador<\/strong><\/p>\n\n\n\n<p>Desde el sector Palo Negro, en el municipio Libertador del estado Aragua, la gobernadora Joana S\u00e1nchez anunci\u00f3 el restablecimiento del servicio de agua potable en la Comuna Agrotur\u00edstica Venus de Tacarigua, \u00abLas 3 L, Libertadores, Libertadoras del Libertador\u00bb.<\/p>\n\n\n\n<p>\u00abEstamos en el municipio Libertador, en lo que se conoce como Palo Negro, donde hay once circuitos comunales y 9 consejos comunales\u00bb, explic\u00f3 la regente regional.<\/p>\n\n\n\n<p>Asimismo, refiri\u00f3 que este logro es producto de la Consulta Popular: \u00abAqu\u00ed est\u00e1bamos trabajando en materia de agua potable. La magia de la consulta popular, que ha llegado para enaltecer este proceso hermoso que venimos realizando, que es el trabajo con el Poder Popular. Hay que resaltar que desde nuestra llegada, gracias a Dios, al pueblo, al alto mando de la Revoluci\u00f3n, pero sobre todo a ustedes, hemos restablecido en conjunto con el Poder Popular, y una clave: la cogesti\u00f3n y las instituciones\u00bb.<\/p>\n\n\n\n<figure class=\"wp-block-image size-large\"><img fetchpriority=\"high\" decoding=\"async\" width=\"1024\" height=\"682\" src=\"https:\/\/prensapresidencialvenezuela.gob.ve\/wp-content\/uploads\/2025\/07\/WhatsApp-Image-2025-07-16-at-6.42.34-PM-1024x682.jpeg\" alt=\"\" class=\"wp-image-21669\" srcset=\"https:\/\/prensapresidencialvenezuela.gob.ve\/wp-content\/uploads\/2025\/07\/WhatsApp-Image-2025-07-16-at-6.42.34-PM-1024x682.jpeg 1024w, https:\/\/prensapresidencialvenezuela.gob.ve\/wp-content\/uploads\/2025\/07\/WhatsApp-Image-2025-07-16-at-6.42.34-PM-300x200.jpeg 300w, https:\/\/prensapresidencialvenezuela.gob.ve\/wp-content\/uploads\/2025\/07\/WhatsApp-Image-2025-07-16-at-6.42.34-PM-768x512.jpeg 768w, https:\/\/prensapresidencialvenezuela.gob.ve\/wp-content\/uploads\/2025\/07\/WhatsApp-Image-2025-07-16-at-6.42.34-PM-1536x1024.jpeg 1536w, https:\/\/prensapresidencialvenezuela.gob.ve\/wp-content\/uploads\/2025\/07\/WhatsApp-Image-2025-07-16-at-6.42.34-PM-2048x1365.jpeg 2048w\" sizes=\"(max-width: 1024px) 100vw, 1024px\" \/><\/figure>\n\n\n\n<p><strong>Monagas: Inauguraci\u00f3n de centro de salud popular en Matur\u00edn<\/strong><\/p>\n\n\n\n<p>El gobernador de Monagas, Ernesto Luna, junto a l\u00edderes y lideresas del Poder Popular organizado del circuito comunal Jos\u00e9 Miguel Guanaguanay en la ciudad de Matur\u00edn, anunci\u00f3 la reinauguraci\u00f3n de un centro de atenci\u00f3n de salud popular, que incluye un consultorio odontol\u00f3gico y beneficiar\u00e1 a m\u00e1s de 8 142 habitantes y 3 377 familias de la comunidad.<\/p>\n\n\n\n<p>El gobernador estuvo acompa\u00f1ado por voceros comunales como Leonardo Rond\u00f3n, Wendy Galvi, Natalie Ant\u00farez, y la alcaldesa del municipio Matur\u00edn, Ana Fuente. \u00abEn nombre del pueblo de Monagas, en nombre de esta bella y hermos\u00edsima comunidad y en nombre del Poder Popular, Wendy, Natalie, Leonardo y todo este pueblo que est\u00e1 aqu\u00ed alegre y entusiasta, vamos a hacer entrega de este consultorio popular para la atenci\u00f3n de manera integral a la familia y un consultorio popular que ha sido dise\u00f1ado, creado, planificado en la Agenda Concreta de Acci\u00f3n por el Poder Popular\u00bb, finaliz\u00f3 Luna.<\/p>\n\n\n\n<p><strong>Prensa Presidencial \/ Iliana Rosales<\/strong><\/p>\n","protected":false},"excerpt":{"rendered":"<p>Palo Negro, Aragua.- En sendas actividades que resaltan el trabajo conjunto con el Poder Popular, los gobernadores de Aragua y Monagas informaron sobre importantes avances en la atenci\u00f3n de las necesidades de sus comunidades. Aragua: Restablecimiento del servicio de agua potable en el municipio Libertador Desde el sector Palo Negro, en el municipio Libertador del [&hellip;]<\/p>\n","protected":false},"author":1,"featured_media":21668,"comment_status":"open","ping_status":"open","sticky":false,"template":"","format":"standard","meta":{"footnotes":""},"categories":[18,7],"tags":[],"class_list":["post-21667","post","type-post","status-publish","format-standard","has-post-thumbnail","hentry","category-noticias-principales","category-notas-de-prensa"],"_links":{"self":[{"href":"https:\/\/prensapresidencialvenezuela.gob.ve\/index.php\/wp-json\/wp\/v2\/posts\/21667","targetHints":{"allow":["GET"]}}],"collection":[{"href":"https:\/\/prensapresidencialvenezuela.gob.ve\/index.php\/wp-json\/wp\/v2\/posts"}],"about":[{"href":"https:\/\/prensapresidencialvenezuela.gob.ve\/index.php\/wp-json\/wp\/v2\/types\/post"}],"author":[{"embeddable":true,"href":"https:\/\/prensapresidencialvenezuela.gob.ve\/index.php\/wp-json\/wp\/v2\/users\/1"}],"replies":[{"embeddable":true,"href":"https:\/\/prensapresidencialvenezuela.gob.ve\/index.php\/wp-json\/wp\/v2\/comments?post=21667"}],"version-history":[{"count":1,"href":"https:\/\/prensapresidencialvenezuela.gob.ve\/index.php\/wp-json\/wp\/v2\/posts\/21667\/revisions"}],"predecessor-version":[{"id":21670,"href":"https:\/\/prensapresidencialvenezuela.gob.ve\/index.php\/wp-json\/wp\/v2\/posts\/21667\/revisions\/21670"}],"wp:featuredmedia":[{"embeddable":true,"href":"https:\/\/prensapresidencialvenezuela.gob.ve\/index.php\/wp-json\/wp\/v2\/media\/21668"}],"wp:attachment":[{"href":"https:\/\/prensapresidencialvenezuela.gob.ve\/index.php\/wp-json\/wp\/v2\/media?parent=21667"}],"wp:term":[{"taxonomy":"category","embeddable":true,"href":"https:\/\/prensapresidencialvenezuela.gob.ve\/index.php\/wp-json\/wp\/v2\/categories?post=21667"},{"taxonomy":"post_tag","embeddable":true,"href":"https:\/\/prensapresidencialvenezuela.gob.ve\/index.php\/wp-json\/wp\/v2\/tags?post=21667"}],"curies":[{"name":"wp","href":"https:\/\/api.w.org\/{rel}","templated":true}]}}