{"id":21673,"date":"2025-07-17T17:39:54","date_gmt":"2025-07-17T21:39:54","guid":{"rendered":"https:\/\/prensapresidencialvenezuela.gob.ve\/?p=21673"},"modified":"2025-07-17T17:40:10","modified_gmt":"2025-07-17T21:40:10","slug":"comuna-socialista-cuidad-bendita-recibio-al-presidente-nicolas-maduro","status":"publish","type":"post","link":"https:\/\/prensapresidencialvenezuela.gob.ve\/index.php\/2025\/07\/17\/comuna-socialista-cuidad-bendita-recibio-al-presidente-nicolas-maduro\/","title":{"rendered":"Comuna Socialista Ciudad Bendita recibi\u00f3 al presidente Nicol\u00e1s Maduro"},"content":{"rendered":"\n<p><strong>Ciudad Bendita, estado Lara.-<\/strong> El presidente de la Rep\u00fablica Bolivariana de Venezuela, Nicol\u00e1s Maduro, visit\u00f3 la Comuna Socialista Cuidad Bendita en Barquisimeto, estado Lara, donde el pueblo lo recibi\u00f3 con emoci\u00f3n y amor.<\/p>\n\n\n\n<h2 class=\"wp-block-heading\">Desde all\u00ed inform\u00f3 que la vicepresidenta ejecutiva y tambi\u00e9n ministra del Poder Popular de Hidrocarburos, Delcy Rodr\u00edguez, asume como madrina del pueblo del estado Lara.<\/h2>\n\n\n\n<figure class=\"wp-block-image size-large\"><img fetchpriority=\"high\" decoding=\"async\" width=\"863\" height=\"1024\" src=\"https:\/\/prensapresidencialvenezuela.gob.ve\/wp-content\/uploads\/2025\/07\/photo_5172423269578552246_y-863x1024.jpg\" alt=\"\" class=\"wp-image-21675\" srcset=\"https:\/\/prensapresidencialvenezuela.gob.ve\/wp-content\/uploads\/2025\/07\/photo_5172423269578552246_y-863x1024.jpg 863w, https:\/\/prensapresidencialvenezuela.gob.ve\/wp-content\/uploads\/2025\/07\/photo_5172423269578552246_y-253x300.jpg 253w, https:\/\/prensapresidencialvenezuela.gob.ve\/wp-content\/uploads\/2025\/07\/photo_5172423269578552246_y-768x911.jpg 768w, https:\/\/prensapresidencialvenezuela.gob.ve\/wp-content\/uploads\/2025\/07\/photo_5172423269578552246_y.jpg 1079w\" sizes=\"(max-width: 863px) 100vw, 863px\" \/><\/figure>\n\n\n\n<p>Desde una asamblea de la Comuna Socialista Ciudad Bendita, de la citada regi\u00f3n, el Mandatario nacional celebr\u00f3 los avances del Poder Popular que ha ejecutado importantes obras, tras la realizaci\u00f3n de la Consulta Popular Nacional.<\/p>\n\n\n\n<h2 class=\"wp-block-heading alignwide\">\u00abMe enter\u00e9 que estaban con el ministro \u00c1ngel Prado [Comunas] en asamblea y vine porque quer\u00eda saludarlos\u00bb, dijo a su arribo al sector, donde convoc\u00f3 a la participaci\u00f3n de las familias del pr\u00f3ximo refer\u00e9ndum de la juventud y por la juventud, que se celebrar\u00e1 el domingo 27 de julio.<\/h2>\n\n\n\n<blockquote class=\"wp-block-quote is-layout-flow wp-block-quote-is-layout-flow\">\n<p>\u00abEl pa\u00eds sigue produciendo, creciendo y tenemos que seguir consolidando. El domingo 27 de julio ser\u00e1 la gran victoria del pueblo venezolano\u00bb, dijo sobre la venidera cita electoral.<\/p>\n<\/blockquote>\n\n\n\n<figure class=\"wp-block-image size-large\"><img decoding=\"async\" width=\"1024\" height=\"682\" src=\"https:\/\/prensapresidencialvenezuela.gob.ve\/wp-content\/uploads\/2025\/07\/photo_5172423269578552243_y-1-1024x682.jpg\" alt=\"\" class=\"wp-image-21676\" srcset=\"https:\/\/prensapresidencialvenezuela.gob.ve\/wp-content\/uploads\/2025\/07\/photo_5172423269578552243_y-1-1024x682.jpg 1024w, https:\/\/prensapresidencialvenezuela.gob.ve\/wp-content\/uploads\/2025\/07\/photo_5172423269578552243_y-1-300x200.jpg 300w, https:\/\/prensapresidencialvenezuela.gob.ve\/wp-content\/uploads\/2025\/07\/photo_5172423269578552243_y-1-768x512.jpg 768w, https:\/\/prensapresidencialvenezuela.gob.ve\/wp-content\/uploads\/2025\/07\/photo_5172423269578552243_y-1.jpg 1280w\" sizes=\"(max-width: 1024px) 100vw, 1024px\" \/><\/figure>\n\n\n\n<h2 class=\"wp-block-heading\"><strong>Proyecto de autoconstrucci\u00f3n<\/strong><\/h2>\n\n\n\n<h2 class=\"wp-block-heading alignwide\">\u00abYa la vicepresidenta Delcy Rodr\u00edguez est\u00e1 por llegar para la asamblea; ella es la madrina del estado Lara. Y les voy a informar del proyecto de autoconstrucci\u00f3n de viviendas\u00bb, detall\u00f3 sobre una iniciativa que respald\u00f3 a solicitud de la comunidad.<\/h2>\n\n\n\n<p>Por otro lado, el presidente Maduro convoc\u00f3 a seguir trabajando para construir el futuro de Lara y del pa\u00eds. \u00abMiren compa\u00f1eros, falta mucho por hacer, pero el Poder Popular, con la uni\u00f3n de toda la familia, tenemos que construir la belleza del Mapa de los Sue\u00f1os de lo que ser\u00e1 Ciudad Bendita. Pido las bendiciones de Dios, estoy seguro de que vamos a avanzar a pasos acelerados. Lleg\u00f3 la hora de Ciudad Bendita\u00bb, sostuvo.<\/p>\n\n\n\n<p><strong>Prensa Presidencial \/ Iliana Rosales<\/strong><\/p>\n","protected":false},"excerpt":{"rendered":"<p>Ciudad Bendita, estado Lara.- El presidente de la Rep\u00fablica Bolivariana de Venezuela, Nicol\u00e1s Maduro, visit\u00f3 la Comuna Socialista Cuidad Bendita en Barquisimeto, estado Lara, donde el pueblo lo recibi\u00f3 con emoci\u00f3n y amor. Desde all\u00ed inform\u00f3 que la vicepresidenta ejecutiva y tambi\u00e9n ministra del Poder Popular de Hidrocarburos, Delcy Rodr\u00edguez, asume como madrina del pueblo [&hellip;]<\/p>\n","protected":false},"author":1,"featured_media":21674,"comment_status":"open","ping_status":"open","sticky":false,"template":"","format":"standard","meta":{"footnotes":""},"categories":[18,7],"tags":[],"class_list":["post-21673","post","type-post","status-publish","format-standard","has-post-thumbnail","hentry","category-noticias-principales","category-notas-de-prensa"],"_links":{"self":[{"href":"https:\/\/prensapresidencialvenezuela.gob.ve\/index.php\/wp-json\/wp\/v2\/posts\/21673","targetHints":{"allow":["GET"]}}],"collection":[{"href":"https:\/\/prensapresidencialvenezuela.gob.ve\/index.php\/wp-json\/wp\/v2\/posts"}],"about":[{"href":"https:\/\/prensapresidencialvenezuela.gob.ve\/index.php\/wp-json\/wp\/v2\/types\/post"}],"author":[{"embeddable":true,"href":"https:\/\/prensapresidencialvenezuela.gob.ve\/index.php\/wp-json\/wp\/v2\/users\/1"}],"replies":[{"embeddable":true,"href":"https:\/\/prensapresidencialvenezuela.gob.ve\/index.php\/wp-json\/wp\/v2\/comments?post=21673"}],"version-history":[{"count":2,"href":"https:\/\/prensapresidencialvenezuela.gob.ve\/index.php\/wp-json\/wp\/v2\/posts\/21673\/revisions"}],"predecessor-version":[{"id":21679,"href":"https:\/\/prensapresidencialvenezuela.gob.ve\/index.php\/wp-json\/wp\/v2\/posts\/21673\/revisions\/21679"}],"wp:featuredmedia":[{"embeddable":true,"href":"https:\/\/prensapresidencialvenezuela.gob.ve\/index.php\/wp-json\/wp\/v2\/media\/21674"}],"wp:attachment":[{"href":"https:\/\/prensapresidencialvenezuela.gob.ve\/index.php\/wp-json\/wp\/v2\/media?parent=21673"}],"wp:term":[{"taxonomy":"category","embeddable":true,"href":"https:\/\/prensapresidencialvenezuela.gob.ve\/index.php\/wp-json\/wp\/v2\/categories?post=21673"},{"taxonomy":"post_tag","embeddable":true,"href":"https:\/\/prensapresidencialvenezuela.gob.ve\/index.php\/wp-json\/wp\/v2\/tags?post=21673"}],"curies":[{"name":"wp","href":"https:\/\/api.w.org\/{rel}","templated":true}]}}