{"id":21680,"date":"2025-07-17T17:56:54","date_gmt":"2025-07-17T21:56:54","guid":{"rendered":"https:\/\/prensapresidencialvenezuela.gob.ve\/?p=21680"},"modified":"2025-07-17T17:58:36","modified_gmt":"2025-07-17T21:58:36","slug":"presidente-lidera-asamblea-nacional-del-cafe-comunal-2025-2026","status":"publish","type":"post","link":"https:\/\/prensapresidencialvenezuela.gob.ve\/index.php\/2025\/07\/17\/presidente-lidera-asamblea-nacional-del-cafe-comunal-2025-2026\/","title":{"rendered":"Presidente lidera Asamblea Nacional del Plan Comunal del Caf\u00e9 2025"},"content":{"rendered":"\n<p><strong>Barquisimeto, estado Lara.-<\/strong> Con el prop\u00f3sito de continuar impulsando el <strong><strong> Plan Comunal del Caf\u00e9 2025<\/strong><\/strong>, el presidente de la Rep\u00fablica Bolivariana de Venezuela, Nicol\u00e1s Maduro Moros, lider\u00f3 la \u00abAsamblea Nacional<strong><strong> del Plan Comunal del Caf\u00e9 2025<\/strong><\/strong>\u00bb, para el fortalecimiento de los circuitos productivos organizados en torno a la caficultura, con su lema central: \u00abDe la comuna al mundo: caf\u00e9, soberan\u00eda y Poder Popular\u00bb.<\/p>\n\n\n\n<p>En este sentido, es importante se\u00f1alar que la caficultura en el pa\u00eds representa uno de los sectores claves en el modelo de desarrollo comunal que promueve el Gobierno Nacional, por lo que entre los logros destacados entre el a\u00f1o 2024-2025, est\u00e1n:<\/p>\n\n\n\n<p>Distribuci\u00f3n oportuna de gasoil para secado, mejorando calidad y reduciendo costos de intermediaros, lo que supone un ahorro importante en cuanto a la adquisici\u00f3n de combustible por parte de los productores.<\/p>\n\n\n\n<p>Financiamiento directo a m\u00e1s de 9 mil productores de caf\u00e9, evitando explotaci\u00f3n por mecanismos de endeudamiento como la dobla y la tripla por intermediarios.<\/p>\n\n\n\n<p>Primera exportaci\u00f3n de caf\u00e9 comunal a Italia y Estados Unidos (EEUU).<\/p>\n\n\n\n<p><strong>Reactivaci\u00f3n industrial:<\/strong><\/p>\n\n\n\n<ul class=\"wp-block-list\">\n<li>Planta procesadora en Guapa, Sanare.<\/li>\n\n\n\n<li>Creaci\u00f3n de la Empresa de Propiedad Social \u00abEnriquito Colmenarez\u00bb y marca comunal \u00abVencaf\u00e9\u00bb.<\/li>\n\n\n\n<li>Fortalecimiento organizativo: Reactivaci\u00f3n de procesos asamblearios en territorios cafetaleros.<\/li>\n<\/ul>\n\n\n\n<p>En cuanto al afianzamiento de la producci\u00f3n del caf\u00e9, en el a\u00f1o 2024, se celebr\u00f3 en el Teatro Teresa Carre\u00f1o una Gran Asamblea Nacional de Caficultores y Caficultoras, en la que estuvo presente el ministro del Poder Popular para las Comunas, Movimientos Sociales y Agricultura Urbana, \u00c1ngel Prado y la vicepresidenta de la Rep\u00fablica, Delcy Rodr\u00edguez, para la creaci\u00f3n de una ruta de trabajo de la Econom\u00eda Comunal que permitiera la creaci\u00f3n de encadenamiento productivo en Venezuela.<\/p>\n\n\n\n<p>Es por ello, que gracias a los conocimientos del pueblo organizado para el desarrollo f\u00e9rtil en las comunidades cafetaleras y la organizaci\u00f3n comunal como eje fundamental del nuevo sistema econ\u00f3mico y de gobierno, existen 185 comunas en 12 estados del pa\u00eds con tradici\u00f3n y vocaci\u00f3n cafetalera.<\/p>\n\n\n\n<ul class=\"wp-block-list\">\n<li>Objetivos estrat\u00e9gicos para el robustecimiento del Plan Comunal del Caf\u00e9 2025:<\/li>\n\n\n\n<li>Tres objetivos centrales y estrat\u00e9gicos del plan:<\/li>\n\n\n\n<li>Aumentar organizaci\u00f3n por pilar en torno a comunas productiva.<\/li>\n\n\n\n<li>Mejorar la calidad y la cantidad de producci\u00f3n de caf\u00e9 en Venezuela.<\/li>\n\n\n\n<li>Contribuir al ingreso de divisas no petroleras.<\/li>\n<\/ul>\n\n\n\n<p>En contexto, desde el municipio Iribarren, en la parroquia Ana Sojo, en el Gimnasio Napole\u00f3n Rodr\u00edguez, representantes de las comunas cafetaleras reafirman su compromiso con el sector productivo del pa\u00eds y el Gobierno revolucionario a trav\u00e9s de la econom\u00eda comunal, como batalla contundente a las medidas coercitivas y unilaterales impuestas ilegalmente por el gobierno de los Estados Unidos en contra de Venezuela.<\/p>\n\n\n\n<p><strong>Prensa Presidencial\/ Irmary D\u00edaz<\/strong><\/p>\n","protected":false},"excerpt":{"rendered":"<p>Barquisimeto, estado Lara.- Con el prop\u00f3sito de continuar impulsando el Plan Comunal del Caf\u00e9 2025, el presidente de la Rep\u00fablica Bolivariana de Venezuela, Nicol\u00e1s Maduro Moros, lider\u00f3 la \u00abAsamblea Nacional del Plan Comunal del Caf\u00e9 2025\u00bb, para el fortalecimiento de los circuitos productivos organizados en torno a la caficultura, con su lema central: \u00abDe la [&hellip;]<\/p>\n","protected":false},"author":14,"featured_media":21681,"comment_status":"open","ping_status":"open","sticky":false,"template":"","format":"standard","meta":{"footnotes":""},"categories":[18,7],"tags":[],"class_list":["post-21680","post","type-post","status-publish","format-standard","has-post-thumbnail","hentry","category-noticias-principales","category-notas-de-prensa"],"_links":{"self":[{"href":"https:\/\/prensapresidencialvenezuela.gob.ve\/index.php\/wp-json\/wp\/v2\/posts\/21680","targetHints":{"allow":["GET"]}}],"collection":[{"href":"https:\/\/prensapresidencialvenezuela.gob.ve\/index.php\/wp-json\/wp\/v2\/posts"}],"about":[{"href":"https:\/\/prensapresidencialvenezuela.gob.ve\/index.php\/wp-json\/wp\/v2\/types\/post"}],"author":[{"embeddable":true,"href":"https:\/\/prensapresidencialvenezuela.gob.ve\/index.php\/wp-json\/wp\/v2\/users\/14"}],"replies":[{"embeddable":true,"href":"https:\/\/prensapresidencialvenezuela.gob.ve\/index.php\/wp-json\/wp\/v2\/comments?post=21680"}],"version-history":[{"count":2,"href":"https:\/\/prensapresidencialvenezuela.gob.ve\/index.php\/wp-json\/wp\/v2\/posts\/21680\/revisions"}],"predecessor-version":[{"id":21683,"href":"https:\/\/prensapresidencialvenezuela.gob.ve\/index.php\/wp-json\/wp\/v2\/posts\/21680\/revisions\/21683"}],"wp:featuredmedia":[{"embeddable":true,"href":"https:\/\/prensapresidencialvenezuela.gob.ve\/index.php\/wp-json\/wp\/v2\/media\/21681"}],"wp:attachment":[{"href":"https:\/\/prensapresidencialvenezuela.gob.ve\/index.php\/wp-json\/wp\/v2\/media?parent=21680"}],"wp:term":[{"taxonomy":"category","embeddable":true,"href":"https:\/\/prensapresidencialvenezuela.gob.ve\/index.php\/wp-json\/wp\/v2\/categories?post=21680"},{"taxonomy":"post_tag","embeddable":true,"href":"https:\/\/prensapresidencialvenezuela.gob.ve\/index.php\/wp-json\/wp\/v2\/tags?post=21680"}],"curies":[{"name":"wp","href":"https:\/\/api.w.org\/{rel}","templated":true}]}}