{"id":21684,"date":"2025-07-17T19:06:49","date_gmt":"2025-07-17T23:06:49","guid":{"rendered":"https:\/\/prensapresidencialvenezuela.gob.ve\/?p=21684"},"modified":"2025-07-17T19:06:50","modified_gmt":"2025-07-17T23:06:50","slug":"con-237-mil-hectareas-de-cafe-en-produccion-nacional-se-activara-formula-pae","status":"publish","type":"post","link":"https:\/\/prensapresidencialvenezuela.gob.ve\/index.php\/2025\/07\/17\/con-237-mil-hectareas-de-cafe-en-produccion-nacional-se-activara-formula-pae\/","title":{"rendered":"Con 237 mil hect\u00e1reas de caf\u00e9 en producci\u00f3n nacional se activar\u00e1 f\u00f3rmula PAE"},"content":{"rendered":"\n<p><strong>Barquisimeto, estado Lara.- <\/strong>En un ambiente festivo, con merengue campesino, el presidente de la Rep\u00fablica Bolivariana de Venezuela, Nicol\u00e1s Maduro Moros, junto a la Primera Combatiente, Cilia Flores, el gobernador del estado Lara, C\/G Luis Reyes Reyes, el alcalde de Barquisimeto, Luis Jon\u00e1s Reyes, el ministro del poder Popular para las Comunas, \u00c1ngel Prato, el ministro del Poder Popular para la Agricultura Productiva y Tierras, Julio C\u00e9sar Le\u00f3n Heredia, particip\u00f3 en el impulso del Plan Comunal del Caf\u00e9 2025, llevado a cabo en el Gimnasio Napole\u00f3n Rodr\u00edguez, ubicado en Barquisimeto, estado Lara.<\/p>\n\n\n\n<h3 class=\"wp-block-heading alignwide\">\u00abUno se sorprende positivamente ver c\u00f3mo est\u00e1 creciendo la econom\u00eda productiva en las comunas (\u2026) C\u00f3mo aprendimos a hacer much\u00edsimo con poco\u00bb, enfatiz\u00f3 el Mandatario Nacional frente al pueblo barquisimetano. Ante las propuestas presentadas por los caficultores, el Presidente dijo: \u00abYo he propuesto para todos los motores de la econom\u00eda la f\u00f3rmula PAE: Producir, Abastecer y Exportar\u00bb.<\/h3>\n\n\n\n<p>Sin lugar a dudas, el pa\u00eds cuenta con un abastecimiento de m\u00e1s del 100% en materia de caf\u00e9, en este sentido el Jefe de Estado apunt\u00f3: \u00abhoy Venezuela tiene pleno abastecimiento con producci\u00f3n nacional, en el mercado nacional, pero ya empezamos a exportar (\u2026), falta mucho todav\u00eda para ganar mercados, ocupar mercados y con la venta del caf\u00e9 obtener divisas para invertir y nuestra econom\u00eda funcione sin perturbaciones\u00bb.<\/p>\n\n\n\n<figure class=\"wp-block-image size-large\"><img fetchpriority=\"high\" decoding=\"async\" width=\"1024\" height=\"670\" src=\"https:\/\/prensapresidencialvenezuela.gob.ve\/wp-content\/uploads\/2025\/07\/32EG__7100_P-1024x670.jpg\" alt=\"\" class=\"wp-image-21686\" srcset=\"https:\/\/prensapresidencialvenezuela.gob.ve\/wp-content\/uploads\/2025\/07\/32EG__7100_P-1024x670.jpg 1024w, https:\/\/prensapresidencialvenezuela.gob.ve\/wp-content\/uploads\/2025\/07\/32EG__7100_P-300x196.jpg 300w, https:\/\/prensapresidencialvenezuela.gob.ve\/wp-content\/uploads\/2025\/07\/32EG__7100_P-768x503.jpg 768w, https:\/\/prensapresidencialvenezuela.gob.ve\/wp-content\/uploads\/2025\/07\/32EG__7100_P-1536x1006.jpg 1536w, https:\/\/prensapresidencialvenezuela.gob.ve\/wp-content\/uploads\/2025\/07\/32EG__7100_P-2048x1341.jpg 2048w\" sizes=\"(max-width: 1024px) 100vw, 1024px\" \/><\/figure>\n\n\n\n<h2 class=\"wp-block-heading\"><strong>\u00abCaf\u00e9 Poderoso\u00bb<\/strong><\/h2>\n\n\n\n<h2 class=\"wp-block-heading alignwide\">En el a\u00f1o 2018 la producci\u00f3n del caf\u00e9 fue de 1 mill\u00f3n 670 mil quintales, en medio de la guerra econ\u00f3mica y las sanciones impuestas a Venezuela. En el 2024, 6 a\u00f1os despu\u00e9s, la producci\u00f3n es de 4 millones 325 mil 420 quintales y para este a\u00f1o la meta es superar la cifra de 5 millones de quintales de caf\u00e9 venezolano.<\/h2>\n\n\n\n<p>Paso a paso los cafetaleros han ido recuperado la producci\u00f3n nacional de caf\u00e9, siendo el caf\u00e9 de Venezuela uno de los mejores del mundo. Actualmente, se est\u00e1 produciendo caf\u00e9 en 136 municipios, de los 335 del pa\u00eds; que representan 21 estados de las 25 entidades federales del pa\u00eds. Son 58 mil 891 caficultores censados para la fecha, los cuales han puesto en producci\u00f3n 237 mil hect\u00e1reas de las 251 mil sembradas.<\/p>\n\n\n\n<p>La comisi\u00f3n que est\u00e1 frente al Plan Comunal del Caf\u00e9 2025 atiende los proyectos presentados en la asamblea nacional en la que se han dado cita cientos de caficultores nacionales.<\/p>\n\n\n\n<p><strong>Prensa Presidencial\/ Claudia Guerra M\u00e9ndez<\/strong><\/p>\n","protected":false},"excerpt":{"rendered":"<p>Barquisimeto, estado Lara.- En un ambiente festivo, con merengue campesino, el presidente de la Rep\u00fablica Bolivariana de Venezuela, Nicol\u00e1s Maduro Moros, junto a la Primera Combatiente, Cilia Flores, el gobernador del estado Lara, C\/G Luis Reyes Reyes, el alcalde de Barquisimeto, Luis Jon\u00e1s Reyes, el ministro del poder Popular para las Comunas, \u00c1ngel Prato, el [&hellip;]<\/p>\n","protected":false},"author":1,"featured_media":21685,"comment_status":"open","ping_status":"open","sticky":false,"template":"","format":"standard","meta":{"footnotes":""},"categories":[18,7],"tags":[],"class_list":["post-21684","post","type-post","status-publish","format-standard","has-post-thumbnail","hentry","category-noticias-principales","category-notas-de-prensa"],"_links":{"self":[{"href":"https:\/\/prensapresidencialvenezuela.gob.ve\/index.php\/wp-json\/wp\/v2\/posts\/21684","targetHints":{"allow":["GET"]}}],"collection":[{"href":"https:\/\/prensapresidencialvenezuela.gob.ve\/index.php\/wp-json\/wp\/v2\/posts"}],"about":[{"href":"https:\/\/prensapresidencialvenezuela.gob.ve\/index.php\/wp-json\/wp\/v2\/types\/post"}],"author":[{"embeddable":true,"href":"https:\/\/prensapresidencialvenezuela.gob.ve\/index.php\/wp-json\/wp\/v2\/users\/1"}],"replies":[{"embeddable":true,"href":"https:\/\/prensapresidencialvenezuela.gob.ve\/index.php\/wp-json\/wp\/v2\/comments?post=21684"}],"version-history":[{"count":1,"href":"https:\/\/prensapresidencialvenezuela.gob.ve\/index.php\/wp-json\/wp\/v2\/posts\/21684\/revisions"}],"predecessor-version":[{"id":21687,"href":"https:\/\/prensapresidencialvenezuela.gob.ve\/index.php\/wp-json\/wp\/v2\/posts\/21684\/revisions\/21687"}],"wp:featuredmedia":[{"embeddable":true,"href":"https:\/\/prensapresidencialvenezuela.gob.ve\/index.php\/wp-json\/wp\/v2\/media\/21685"}],"wp:attachment":[{"href":"https:\/\/prensapresidencialvenezuela.gob.ve\/index.php\/wp-json\/wp\/v2\/media?parent=21684"}],"wp:term":[{"taxonomy":"category","embeddable":true,"href":"https:\/\/prensapresidencialvenezuela.gob.ve\/index.php\/wp-json\/wp\/v2\/categories?post=21684"},{"taxonomy":"post_tag","embeddable":true,"href":"https:\/\/prensapresidencialvenezuela.gob.ve\/index.php\/wp-json\/wp\/v2\/tags?post=21684"}],"curies":[{"name":"wp","href":"https:\/\/api.w.org\/{rel}","templated":true}]}}