{"id":21688,"date":"2025-07-17T19:58:18","date_gmt":"2025-07-17T23:58:18","guid":{"rendered":"https:\/\/prensapresidencialvenezuela.gob.ve\/?p=21688"},"modified":"2025-07-17T19:58:19","modified_gmt":"2025-07-17T23:58:19","slug":"anuncios-presidente-maduro-transfiere-torrefactoras-al-poder-popular-y-convoca-a-encuentro-internacional-del-cafe","status":"publish","type":"post","link":"https:\/\/prensapresidencialvenezuela.gob.ve\/index.php\/2025\/07\/17\/anuncios-presidente-maduro-transfiere-torrefactoras-al-poder-popular-y-convoca-a-encuentro-internacional-del-cafe\/","title":{"rendered":"#ANUNCIOS || Presidente Maduro transfiere torrefactoras al Poder Popular y convoca a Encuentro Internacional del Caf\u00e9"},"content":{"rendered":"\n<p><strong>Barquisimeto, Lara.-<\/strong> El presidente de la Rep\u00fablica Bolivariana de Venezuela, Nicol\u00e1s Maduro, desde el Gimnasio Napole\u00f3n Rodr\u00edguez en Barquisimeto, durante el desarrollo del Plan Comunal del Caf\u00e9 2025, realiz\u00f3 este jueves importantes anuncios relacionados con el sector productivo y la econom\u00eda nacional.<\/p>\n\n\n\n<h2 class=\"wp-block-heading alignwide\"><strong>Transferencia de Torrefactoras a Comunas para Impulsar la Producci\u00f3n<\/strong><\/h2>\n\n\n\n<p>En un paso decisivo hacia la transferencia del poder econ\u00f3mico al pueblo organizado, el presidente Maduro orden\u00f3 la inmediata entrega de la torrefactora Teresa Heredia de Ospino a las comunas.<\/p>\n\n\n\n<p>Esta medida busca replicar el \u00e9xito ya demostrado en otras experiencias, en las cuales la producci\u00f3n ha mejorado significativamente bajo la gesti\u00f3n comunal. \u00abHay que seguir transfiriendo las torrefactoras de caf\u00e9 que est\u00e1n en manos del Estado y por eso ordeno, de inmediato, que se transfiera a las comunas la torrefactora Teresa Heredia de Ospino. Y avancemos en las pr\u00f3ximas torrefactoras y empresas\u00bb, dijo.<\/p>\n\n\n\n<p>Asimismo, sostuvo que la transferencia del poder econ\u00f3mico es vital en los tiempos que vive el pa\u00eds, porque permite consolidar el crecimiento exponencial de la producci\u00f3n nacional. \u00abEn manos de ustedes se ha demostrado, se est\u00e1 produciendo m\u00e1s y mejor. Est\u00e1 demostrado\u00bb, sentenci\u00f3 el Jefe de Estado venezolano.<\/p>\n\n\n\n<p>Asimismo, adelant\u00f3 que se avanzar\u00e1 en la transferencia de m\u00e1s torrefactoras y empresas, en el futuro, destacando la eficiencia productiva de las comunidades.<\/p>\n\n\n\n<h2 class=\"wp-block-heading alignwide\"><strong>Venezuela ser\u00e1 sede del IV Encuentro Internacional de Caf\u00e9 de Especialidad<\/strong><\/h2>\n\n\n\n<p>El jefe de Estado tambi\u00e9n anunci\u00f3 la convocatoria al IV Encuentro Internacional de Caf\u00e9 de Especialidad de Venezuela, que se llevar\u00e1 a cabo los d\u00edas 27 y 29 de noviembre del presente a\u00f1o.<\/p>\n\n\n\n<p>La actividad de gran envergadura, reunir\u00e1 a productores venezolanos con un jurado internacional de expertos, conformado por catadores de pa\u00edses como Colombia, Turqu\u00eda, Rusia, Alemania, Costa Rica, China, Ecuador, Brasil e Italia. \u00abLos mejores catadores del mundo a catar el mejor caf\u00e9 del mundo\u00bb, expres\u00f3 el Presidente, invitando a los productores a presentar sus mejores granos para ser evaluados.<\/p>\n\n\n\n<h2 class=\"wp-block-heading alignwide\"><strong>Econom\u00eda venezolana contin\u00faa su senda de crecimiento<\/strong><\/h2>\n\n\n\n<p>En el \u00e1mbito econ\u00f3mico, el presidente Maduro comparti\u00f3 datos positivos del Banco Central de Venezuela (BCV), sobre el desempe\u00f1o del Producto Interno Bruto (PIB) durante el segundo trimestre de 2025. Tras un crecimiento del 9% en el primer trimestre (enero, febrero y marzo), indic\u00f3 que la econom\u00eda venezolana experiment\u00f3 un crecimiento superior al 6% en el segundo trimestre (abril, mayo y junio).<\/p>\n\n\n\n<p>El Mandatario destac\u00f3 que, a pesar de los intentos de una guerra econ\u00f3mica, el pa\u00eds ha logrado superar los desaf\u00edos gracias al trabajo y la producci\u00f3n. \u00abVenezuela sigue la senda de crecimiento. 17 trimestres continuos de crecimiento\u00bb, asever\u00f3, no sin antes resaltar la consistencia en la recuperaci\u00f3n econ\u00f3mica.<\/p>\n\n\n\n<p>Record\u00f3 que en 2022 el crecimiento fue del 15% y en 2023 del 5.5%, con un 9% en el a\u00f1o 2024. Estos resultados, sumados al crecimiento del primer y segundo trimestre de 2025, arrojan un panorama optimista para la econom\u00eda nacional, impulsada por los 13 motores productivos.<\/p>\n\n\n\n<p><strong>Prensa Presidencial \/ Iliana Rosales<\/strong><\/p>\n","protected":false},"excerpt":{"rendered":"<p>Barquisimeto, Lara.- El presidente de la Rep\u00fablica Bolivariana de Venezuela, Nicol\u00e1s Maduro, desde el Gimnasio Napole\u00f3n Rodr\u00edguez en Barquisimeto, durante el desarrollo del Plan Comunal del Caf\u00e9 2025, realiz\u00f3 este jueves importantes anuncios relacionados con el sector productivo y la econom\u00eda nacional. Transferencia de Torrefactoras a Comunas para Impulsar la Producci\u00f3n En un paso decisivo [&hellip;]<\/p>\n","protected":false},"author":1,"featured_media":21689,"comment_status":"open","ping_status":"open","sticky":false,"template":"","format":"standard","meta":{"footnotes":""},"categories":[18,7],"tags":[],"class_list":["post-21688","post","type-post","status-publish","format-standard","has-post-thumbnail","hentry","category-noticias-principales","category-notas-de-prensa"],"_links":{"self":[{"href":"https:\/\/prensapresidencialvenezuela.gob.ve\/index.php\/wp-json\/wp\/v2\/posts\/21688","targetHints":{"allow":["GET"]}}],"collection":[{"href":"https:\/\/prensapresidencialvenezuela.gob.ve\/index.php\/wp-json\/wp\/v2\/posts"}],"about":[{"href":"https:\/\/prensapresidencialvenezuela.gob.ve\/index.php\/wp-json\/wp\/v2\/types\/post"}],"author":[{"embeddable":true,"href":"https:\/\/prensapresidencialvenezuela.gob.ve\/index.php\/wp-json\/wp\/v2\/users\/1"}],"replies":[{"embeddable":true,"href":"https:\/\/prensapresidencialvenezuela.gob.ve\/index.php\/wp-json\/wp\/v2\/comments?post=21688"}],"version-history":[{"count":1,"href":"https:\/\/prensapresidencialvenezuela.gob.ve\/index.php\/wp-json\/wp\/v2\/posts\/21688\/revisions"}],"predecessor-version":[{"id":21690,"href":"https:\/\/prensapresidencialvenezuela.gob.ve\/index.php\/wp-json\/wp\/v2\/posts\/21688\/revisions\/21690"}],"wp:featuredmedia":[{"embeddable":true,"href":"https:\/\/prensapresidencialvenezuela.gob.ve\/index.php\/wp-json\/wp\/v2\/media\/21689"}],"wp:attachment":[{"href":"https:\/\/prensapresidencialvenezuela.gob.ve\/index.php\/wp-json\/wp\/v2\/media?parent=21688"}],"wp:term":[{"taxonomy":"category","embeddable":true,"href":"https:\/\/prensapresidencialvenezuela.gob.ve\/index.php\/wp-json\/wp\/v2\/categories?post=21688"},{"taxonomy":"post_tag","embeddable":true,"href":"https:\/\/prensapresidencialvenezuela.gob.ve\/index.php\/wp-json\/wp\/v2\/tags?post=21688"}],"curies":[{"name":"wp","href":"https:\/\/api.w.org\/{rel}","templated":true}]}}