{"id":21691,"date":"2025-07-17T20:08:15","date_gmt":"2025-07-18T00:08:15","guid":{"rendered":"https:\/\/prensapresidencialvenezuela.gob.ve\/?p=21691"},"modified":"2025-07-17T20:08:16","modified_gmt":"2025-07-18T00:08:16","slug":"jefe-de-estado-profundiza-detalles-sobre-la-zona-binacional-de-paz-con-colombia","status":"publish","type":"post","link":"https:\/\/prensapresidencialvenezuela.gob.ve\/index.php\/2025\/07\/17\/jefe-de-estado-profundiza-detalles-sobre-la-zona-binacional-de-paz-con-colombia\/","title":{"rendered":"Jefe de Estado profundiza detalles sobre la Zona Binacional de Paz con Colombia"},"content":{"rendered":"\n<p><strong>Barquisimeto, Lara.-<\/strong> Tras el anuncio de la creaci\u00f3n de la primera Zona Binacional de Paz y Desarrollo Integral entre Colombia y Venezuela, realizado por la vicepresidenta ejecutiva, Delcy Rodr\u00edguez; el presidente Nicol\u00e1s Maduro ofreci\u00f3 este jueves detalles cruciales sobre el alcance y los objetivos de este \u00abevento hist\u00f3rico\u00bb, sellado con la firma de representantes de ambos gobiernos.<\/p>\n\n\n\n<p>La iniciativa, que involucra a los estados venezolanos de Zulia y T\u00e1chira, junto con sus regiones colindantes en Colombia, busca transformar la din\u00e1mica fronteriza m\u00e1s all\u00e1 de la paz, seg\u00fan destac\u00f3 el Mandatario nacional desde el Gimnasio Napole\u00f3n Rodr\u00edguez en Barquisimeto, durante el desarrollo del Plan Comunal del Caf\u00e9 2025.<\/p>\n\n\n\n<h2 class=\"wp-block-heading alignwide\">El Jefe de Estado venezolano mencion\u00f3 que este acuerdo no solo establece un \u00e1rea para la convivencia pac\u00edfica, sino que tambi\u00e9n se erige como un motor para la reactivaci\u00f3n econ\u00f3mica y social en la regi\u00f3n fronteriza. &nbsp;<\/h2>\n\n\n\n<p>Entre los prop\u00f3sitos fundamentales de esta zona, enfatiz\u00f3 el incremento sustancial del comercio binacional, haciendo referencia a los 1 200 millones de d\u00f3lares alcanzados el a\u00f1o pasado, con proyecciones de un crecimiento a\u00fan mayor. Asimismo, busca potenciar las inversiones binacionales e internacionales, mencionando el inter\u00e9s de naciones como China, India, Rusia y T\u00fcrkiye.<\/p>\n\n\n\n<p>Un pilar central de esta iniciativa es la lucha conjunta contra las mafias del narcotr\u00e1fico. En tal sentido, el Mandatario nacional se\u00f1al\u00f3 que las fuerzas militares y policiales de ambos pa\u00edses colaborar\u00e1n estrechamente en esta zona para erradicar este flagelo.<\/p>\n\n\n\n<p>M\u00e1s all\u00e1 de la seguridad y la econom\u00eda, la zona binacional aspira a generar oportunidades de empleo y emprendimiento, adem\u00e1s de impulsar planes de colaboraci\u00f3n en \u00e1reas vitales como la educaci\u00f3n, la salud y la cultura.<\/p>\n\n\n\n<p>El Mandatario venezolano extendi\u00f3 su agradecimiento a los ministros y funcionarios del Gobierno colombiano, en especial al presidente Gustavo Petro, por su contribuci\u00f3n a la materializaci\u00f3n de este acuerdo que representa un paso firme hacia la integraci\u00f3n productiva de ambas naciones.<\/p>\n\n\n\n<p><strong>Prensa Presidencial \/ Iliana Rosales<\/strong><\/p>\n","protected":false},"excerpt":{"rendered":"<p>Barquisimeto, Lara.- Tras el anuncio de la creaci\u00f3n de la primera Zona Binacional de Paz y Desarrollo Integral entre Colombia y Venezuela, realizado por la vicepresidenta ejecutiva, Delcy Rodr\u00edguez; el presidente Nicol\u00e1s Maduro ofreci\u00f3 este jueves detalles cruciales sobre el alcance y los objetivos de este \u00abevento hist\u00f3rico\u00bb, sellado con la firma de representantes de [&hellip;]<\/p>\n","protected":false},"author":1,"featured_media":21692,"comment_status":"open","ping_status":"open","sticky":false,"template":"","format":"standard","meta":{"footnotes":""},"categories":[18,7],"tags":[],"class_list":["post-21691","post","type-post","status-publish","format-standard","has-post-thumbnail","hentry","category-noticias-principales","category-notas-de-prensa"],"_links":{"self":[{"href":"https:\/\/prensapresidencialvenezuela.gob.ve\/index.php\/wp-json\/wp\/v2\/posts\/21691","targetHints":{"allow":["GET"]}}],"collection":[{"href":"https:\/\/prensapresidencialvenezuela.gob.ve\/index.php\/wp-json\/wp\/v2\/posts"}],"about":[{"href":"https:\/\/prensapresidencialvenezuela.gob.ve\/index.php\/wp-json\/wp\/v2\/types\/post"}],"author":[{"embeddable":true,"href":"https:\/\/prensapresidencialvenezuela.gob.ve\/index.php\/wp-json\/wp\/v2\/users\/1"}],"replies":[{"embeddable":true,"href":"https:\/\/prensapresidencialvenezuela.gob.ve\/index.php\/wp-json\/wp\/v2\/comments?post=21691"}],"version-history":[{"count":1,"href":"https:\/\/prensapresidencialvenezuela.gob.ve\/index.php\/wp-json\/wp\/v2\/posts\/21691\/revisions"}],"predecessor-version":[{"id":21693,"href":"https:\/\/prensapresidencialvenezuela.gob.ve\/index.php\/wp-json\/wp\/v2\/posts\/21691\/revisions\/21693"}],"wp:featuredmedia":[{"embeddable":true,"href":"https:\/\/prensapresidencialvenezuela.gob.ve\/index.php\/wp-json\/wp\/v2\/media\/21692"}],"wp:attachment":[{"href":"https:\/\/prensapresidencialvenezuela.gob.ve\/index.php\/wp-json\/wp\/v2\/media?parent=21691"}],"wp:term":[{"taxonomy":"category","embeddable":true,"href":"https:\/\/prensapresidencialvenezuela.gob.ve\/index.php\/wp-json\/wp\/v2\/categories?post=21691"},{"taxonomy":"post_tag","embeddable":true,"href":"https:\/\/prensapresidencialvenezuela.gob.ve\/index.php\/wp-json\/wp\/v2\/tags?post=21691"}],"curies":[{"name":"wp","href":"https:\/\/api.w.org\/{rel}","templated":true}]}}