{"id":21695,"date":"2025-07-18T16:01:44","date_gmt":"2025-07-18T20:01:44","guid":{"rendered":"https:\/\/prensapresidencialvenezuela.gob.ve\/?p=21695"},"modified":"2025-07-18T16:47:18","modified_gmt":"2025-07-18T20:47:18","slug":"un-logro-historico-el-presidente-maduro-recibe-a-7-ninos-migrantes-venezolanos-que-fueron-separados-de-sus-familias-en-ee-uu","status":"publish","type":"post","link":"https:\/\/prensapresidencialvenezuela.gob.ve\/index.php\/2025\/07\/18\/un-logro-historico-el-presidente-maduro-recibe-a-7-ninos-migrantes-venezolanos-que-fueron-separados-de-sus-familias-en-ee-uu\/","title":{"rendered":"\u00a1Un logro hist\u00f3rico! El presidente Maduro recibe a 7 ni\u00f1os migrantes venezolanos que fueron separados de sus familias en EE.UU."},"content":{"rendered":"\n<p><strong>\u00a1Un logro hist\u00f3rico! El presidente Maduro recibe a 7 ni\u00f1os migrantes venezolanos que fueron separados de sus familias en EE.UU.<\/strong><\/p>\n\n\n\n<p><strong>Palacio de Miraflores, Caracas.- <\/strong>El presidente de la Rep\u00fablica Bolivariana de Venezuela, Nicol\u00e1s Maduro, recibe este viernes en el Palacio de Miraflores a 7 de los 31 ni\u00f1os migrantes que fueron separados de sus familias y secuestrados por el Gobierno de los Estados Unidos (EE.UU.). Los infantes fueron repatriados exitosamente a trav\u00e9s de la Gran Misi\u00f3n Plan Vuelta a la Patria.<\/p>\n\n\n\n<p>El Mandatario nacional hizo recientemente un llamado a los organismos internacionales y la Iglesia Cat\u00f3lica, para que los 252 venezolanos que se encuentran en el Centro de Confinamiento del Terrorismo (CECOT), y los 31 menores, hijos de personas deportadas, que se encontraban retenidos en EE.UU., fueran enviados a suelo venezolano a los fines de garantizarles sus plenos derechos humanos.<\/p>\n\n\n\n<p>Una de las principales cr\u00edticas a la pol\u00edtica migratoria de EE.UU. es que los ni\u00f1os, al ser separados de sus progenitores, son ubicados en diversas familias de acogida sin la aprobaci\u00f3n de sus padres o responsables legales, y sin que se proporcione informaci\u00f3n clara sobre su estado actual.<\/p>\n\n\n\n<figure class=\"wp-block-image size-large\"><img fetchpriority=\"high\" decoding=\"async\" width=\"979\" height=\"1024\" src=\"https:\/\/prensapresidencialvenezuela.gob.ve\/wp-content\/uploads\/2025\/07\/06_ZC__2282_P-979x1024.jpg\" alt=\"\" class=\"wp-image-21697\" srcset=\"https:\/\/prensapresidencialvenezuela.gob.ve\/wp-content\/uploads\/2025\/07\/06_ZC__2282_P-979x1024.jpg 979w, https:\/\/prensapresidencialvenezuela.gob.ve\/wp-content\/uploads\/2025\/07\/06_ZC__2282_P-287x300.jpg 287w, https:\/\/prensapresidencialvenezuela.gob.ve\/wp-content\/uploads\/2025\/07\/06_ZC__2282_P-768x803.jpg 768w, https:\/\/prensapresidencialvenezuela.gob.ve\/wp-content\/uploads\/2025\/07\/06_ZC__2282_P-1469x1536.jpg 1469w, https:\/\/prensapresidencialvenezuela.gob.ve\/wp-content\/uploads\/2025\/07\/06_ZC__2282_P.jpg 1913w\" sizes=\"(max-width: 979px) 100vw, 979px\" \/><\/figure>\n\n\n\n<p>Con el arribo de estos 7 ni\u00f1os, restan 24 por ser rescatados. El presidente Maduro resalt\u00f3 esta semana el \u00abprimer gesto muy contundente del cardenal de San Salvador\u00bb, que abog\u00f3 por los migrantes venezolanos, incluido los ni\u00f1os: \u00abEs un gesto hermoso, y sabemos tambi\u00e9n que se est\u00e1n dando movimientos donde la Iglesia Cat\u00f3lica Universal, nuestra Iglesia Cat\u00f3lica, est\u00e1 movi\u00e9ndose para que, m\u00e1s temprano que tarde, podamos rescatar, sanos y vivos, y entregarlos a los brazos de sus madres, a los 31 ni\u00f1os y ni\u00f1as que est\u00e1n secuestrados en Estados Unidos\u00bb.<\/p>\n\n\n\n<p><strong>Cilia Flores refirma compromiso del Gobierno Bolivariano con retorno de ni\u00f1os venezolanos secuestrados en EE.UU.<\/strong><\/p>\n\n\n\n<p>La Primera Dama y diputada a la Asamblea Nacional, Cilia Flores, reiter\u00f3 horas antes el firme compromiso del presidente Maduro con el rescate y retorno de todos los ni\u00f1os y ni\u00f1as venezolanos que se encuentran secuestrados en EE.UU.<\/p>\n\n\n\n<figure class=\"wp-block-gallery has-nested-images columns-default is-cropped wp-block-gallery-1 is-layout-flex wp-block-gallery-is-layout-flex\">\n<figure class=\"wp-block-image size-large\"><img decoding=\"async\" width=\"818\" height=\"1024\" data-id=\"21699\" src=\"https:\/\/prensapresidencialvenezuela.gob.ve\/wp-content\/uploads\/2025\/07\/photo_5177444481484566117_y-818x1024.jpg\" alt=\"\" class=\"wp-image-21699\" srcset=\"https:\/\/prensapresidencialvenezuela.gob.ve\/wp-content\/uploads\/2025\/07\/photo_5177444481484566117_y-818x1024.jpg 818w, https:\/\/prensapresidencialvenezuela.gob.ve\/wp-content\/uploads\/2025\/07\/photo_5177444481484566117_y-240x300.jpg 240w, https:\/\/prensapresidencialvenezuela.gob.ve\/wp-content\/uploads\/2025\/07\/photo_5177444481484566117_y-768x961.jpg 768w, https:\/\/prensapresidencialvenezuela.gob.ve\/wp-content\/uploads\/2025\/07\/photo_5177444481484566117_y.jpg 1023w\" sizes=\"(max-width: 818px) 100vw, 818px\" \/><\/figure>\n\n\n\n<figure class=\"wp-block-image size-large\"><img decoding=\"async\" width=\"818\" height=\"1024\" data-id=\"21698\" src=\"https:\/\/prensapresidencialvenezuela.gob.ve\/wp-content\/uploads\/2025\/07\/photo_5175081089830597560_y-818x1024.jpg\" alt=\"\" class=\"wp-image-21698\" srcset=\"https:\/\/prensapresidencialvenezuela.gob.ve\/wp-content\/uploads\/2025\/07\/photo_5175081089830597560_y-818x1024.jpg 818w, https:\/\/prensapresidencialvenezuela.gob.ve\/wp-content\/uploads\/2025\/07\/photo_5175081089830597560_y-240x300.jpg 240w, https:\/\/prensapresidencialvenezuela.gob.ve\/wp-content\/uploads\/2025\/07\/photo_5175081089830597560_y-768x961.jpg 768w, https:\/\/prensapresidencialvenezuela.gob.ve\/wp-content\/uploads\/2025\/07\/photo_5175081089830597560_y.jpg 1023w\" sizes=\"(max-width: 818px) 100vw, 818px\" \/><\/figure>\n<\/figure>\n\n\n\n<p>\u00abHay un compromiso del gobierno del presidente Maduro, de trabajar unidos hasta lograr el rescate de todos los ni\u00f1os y ni\u00f1as que deben estar pronto en Venezuela, m\u00e1s temprano que tarde\u00bb, afirm\u00f3 con visible emoci\u00f3n.<\/p>\n\n\n\n<p>\u00abHoy estamos felices y vamos a entregarle estos ni\u00f1os a sus madres, que esperan ansiosas por ellos\u00bb, sostuvo, mientras era acompa\u00f1ada por el vicepresidente sectorial de Pol\u00edtica, Seguridad Ciudadana y Paz, capit\u00e1n Diosdado Cabello, en el recibimiento de los infantes en el Aeropuerto Internacional de Maiquet\u00eda, provenientes de Texas, junto a otros venezolanos.<\/p>\n\n\n\n<p>Minutos antes de conocerse la llegada de los menores, el capit\u00e1n Cabello afirm\u00f3 que \u00abvienen buenas noticias para los venezolanos\u00bb. Y aprovech\u00f3 para denunciar que los otros ciudadanos venezolanos a bordo, fueron \u00absecuestrados, perseguidos, en EE. UU., por autoridades de EE. UU., luego de irlos a buscar a colegios, puestos de trabajo, hospitales, e inclusive agarrarlos en la calle\u00bb.<\/p>\n\n\n\n<p><strong>Prensa Presidencial \/ Iliana Rosales<\/strong><strong><\/strong><\/p>\n","protected":false},"excerpt":{"rendered":"<p>\u00a1Un logro hist\u00f3rico! El presidente Maduro recibe a 7 ni\u00f1os migrantes venezolanos que fueron separados de sus familias en EE.UU. Palacio de Miraflores, Caracas.- El presidente de la Rep\u00fablica Bolivariana de Venezuela, Nicol\u00e1s Maduro, recibe este viernes en el Palacio de Miraflores a 7 de los 31 ni\u00f1os migrantes que fueron separados de sus familias [&hellip;]<\/p>\n","protected":false},"author":1,"featured_media":21701,"comment_status":"open","ping_status":"open","sticky":false,"template":"","format":"standard","meta":{"footnotes":""},"categories":[18,7],"tags":[],"class_list":["post-21695","post","type-post","status-publish","format-standard","has-post-thumbnail","hentry","category-noticias-principales","category-notas-de-prensa"],"_links":{"self":[{"href":"https:\/\/prensapresidencialvenezuela.gob.ve\/index.php\/wp-json\/wp\/v2\/posts\/21695","targetHints":{"allow":["GET"]}}],"collection":[{"href":"https:\/\/prensapresidencialvenezuela.gob.ve\/index.php\/wp-json\/wp\/v2\/posts"}],"about":[{"href":"https:\/\/prensapresidencialvenezuela.gob.ve\/index.php\/wp-json\/wp\/v2\/types\/post"}],"author":[{"embeddable":true,"href":"https:\/\/prensapresidencialvenezuela.gob.ve\/index.php\/wp-json\/wp\/v2\/users\/1"}],"replies":[{"embeddable":true,"href":"https:\/\/prensapresidencialvenezuela.gob.ve\/index.php\/wp-json\/wp\/v2\/comments?post=21695"}],"version-history":[{"count":5,"href":"https:\/\/prensapresidencialvenezuela.gob.ve\/index.php\/wp-json\/wp\/v2\/posts\/21695\/revisions"}],"predecessor-version":[{"id":21705,"href":"https:\/\/prensapresidencialvenezuela.gob.ve\/index.php\/wp-json\/wp\/v2\/posts\/21695\/revisions\/21705"}],"wp:featuredmedia":[{"embeddable":true,"href":"https:\/\/prensapresidencialvenezuela.gob.ve\/index.php\/wp-json\/wp\/v2\/media\/21701"}],"wp:attachment":[{"href":"https:\/\/prensapresidencialvenezuela.gob.ve\/index.php\/wp-json\/wp\/v2\/media?parent=21695"}],"wp:term":[{"taxonomy":"category","embeddable":true,"href":"https:\/\/prensapresidencialvenezuela.gob.ve\/index.php\/wp-json\/wp\/v2\/categories?post=21695"},{"taxonomy":"post_tag","embeddable":true,"href":"https:\/\/prensapresidencialvenezuela.gob.ve\/index.php\/wp-json\/wp\/v2\/tags?post=21695"}],"curies":[{"name":"wp","href":"https:\/\/api.w.org\/{rel}","templated":true}]}}