{"id":21712,"date":"2025-07-18T19:05:56","date_gmt":"2025-07-18T23:05:56","guid":{"rendered":"https:\/\/prensapresidencialvenezuela.gob.ve\/?p=21712"},"modified":"2025-07-18T19:14:17","modified_gmt":"2025-07-18T23:14:17","slug":"podercampesino-presidente-maduro-anuncia-3-lineas-estrategicas-para-el-sector","status":"publish","type":"post","link":"https:\/\/prensapresidencialvenezuela.gob.ve\/index.php\/2025\/07\/18\/podercampesino-presidente-maduro-anuncia-3-lineas-estrategicas-para-el-sector\/","title":{"rendered":"#PoderCampesino: Presidente Maduro anuncia 3 l\u00edneas estrat\u00e9gicas para el sector"},"content":{"rendered":"\n<p><strong>Poliedro de Caracas, Caracas.-<\/strong> El presidente de la Rep\u00fablica Bolivariana de Venezuela, Nicol\u00e1s Maduro, anunci\u00f3 este viernes, durante el Congreso Campesino, tres \u00abgrandes l\u00edneas\u00bb estrat\u00e9gicas que buscan revolucionar la organizaci\u00f3n, producci\u00f3n y defensa territorial del sector agr\u00edcola en Venezuela.<\/p>\n\n\n\n<p>Estos lineamientos garantizar\u00e1n la creaci\u00f3n de una nueva fuerza campesina unificada y el fortalecimiento de la producci\u00f3n de alimentos:<\/p>\n\n\n\n<figure class=\"wp-block-image size-large\"><img fetchpriority=\"high\" decoding=\"async\" width=\"1024\" height=\"1006\" src=\"https:\/\/prensapresidencialvenezuela.gob.ve\/wp-content\/uploads\/2025\/07\/07_ZC_L8387_P-1024x1006.jpg\" alt=\"\" class=\"wp-image-21714\" srcset=\"https:\/\/prensapresidencialvenezuela.gob.ve\/wp-content\/uploads\/2025\/07\/07_ZC_L8387_P-1024x1006.jpg 1024w, https:\/\/prensapresidencialvenezuela.gob.ve\/wp-content\/uploads\/2025\/07\/07_ZC_L8387_P-300x295.jpg 300w, https:\/\/prensapresidencialvenezuela.gob.ve\/wp-content\/uploads\/2025\/07\/07_ZC_L8387_P-768x754.jpg 768w, https:\/\/prensapresidencialvenezuela.gob.ve\/wp-content\/uploads\/2025\/07\/07_ZC_L8387_P-1536x1509.jpg 1536w, https:\/\/prensapresidencialvenezuela.gob.ve\/wp-content\/uploads\/2025\/07\/07_ZC_L8387_P.jpg 2036w\" sizes=\"(max-width: 1024px) 100vw, 1024px\" \/><\/figure>\n\n\n\n<h2 class=\"wp-block-heading alignwide\"><strong>1. Reorganizaci\u00f3n y Formaci\u00f3n: Nace la Uni\u00f3n Nacional Campesina Ezequiel Zamora<\/strong><\/h2>\n\n\n\n<p>El presidente Maduro propuso la creaci\u00f3n de un \u00abpoderoso movimiento nacional que unifique la diversidad del movimiento campesino\u00bb, denominado Uni\u00f3n Nacional Campesina Ezequiel Zamora (UNCEZ). Esta nueva organizaci\u00f3n busca agrupar a todas las corrientes y fuerzas campesinas del pa\u00eds.<\/p>\n\n\n\n<p>El Mandatario nacional estableci\u00f3 un plazo de 60 d\u00edas, desde el 18 de julio hasta el 18 de septiembre, para la conformaci\u00f3n de esta uni\u00f3n. La estructura de base de la UNCEZ ser\u00e1n los consejos campesinos y campesinas, los cuales deber\u00e1n organizarse a nivel territorial en todo el pa\u00eds, bas\u00e1ndose en los art\u00edculos 4 de la Ley de Tierras y 50 y 51 de la Ley Org\u00e1nica de Seguridad y Soberan\u00eda Agroalimentaria.<\/p>\n\n\n\n<p>La consigna propuesta para esta nueva uni\u00f3n es \u00abUNCEZ: Poder Campesino para Vencer\u00bb.<\/p>\n\n\n\n<h2 class=\"wp-block-heading alignwide\"><strong>2. Plan Nacional de Econom\u00eda Productiva<\/strong><\/h2>\n\n\n\n<p>La segunda l\u00ednea estrat\u00e9gica se centra en el Plan Nacional de Econom\u00eda Productiva, con el objetivo de impulsar y fortalecer la producci\u00f3n agr\u00edcola en Venezuela. El mandatario destac\u00f3 que se han entregado m\u00e1s de 14 millones de hect\u00e1reas a los campesinos, y enfatiz\u00f3 la necesidad de entregar la titularidad inmediata de todas que las que falten por este procedimiento. Actualmente, hay 128 647 hect\u00e1reas pendientes de titulaci\u00f3n, que corresponden a 1 562 t\u00edtulos.<\/p>\n\n\n\n<p>Por otro lado, el jefe de Estado anunci\u00f3 que, una vez conformados los consejos campesinos en 60 d\u00edas, se realizar\u00e1 un balance el venidero 18 de septiembre. Para esa fecha, se fijar\u00e1 el d\u00eda en que se realizar\u00e1 una consulta nacional campesina, que tendr\u00e1 por objetivo la aprobaci\u00f3n de recursos y financiamiento directo a los proyectos productivos postulados por cada consejo campesino.<\/p>\n\n\n\n<p>Asimismo, proyect\u00f3 que en dos a\u00f1os Venezuela ser\u00e1 una \u00abpotencia mundial de producci\u00f3n de alimentos\u00bb, capaz de exportar sus productos a Am\u00e9rica Latina, el Caribe y el resto del mundo, logrando la independencia en semillas, bioinsumos, maquinaria y tecnolog\u00eda.<\/p>\n\n\n\n<figure class=\"wp-block-image size-large\"><img decoding=\"async\" width=\"1024\" height=\"683\" src=\"https:\/\/prensapresidencialvenezuela.gob.ve\/wp-content\/uploads\/2025\/07\/09_JZ__5281_P-1024x683.jpg\" alt=\"\" class=\"wp-image-21715\" srcset=\"https:\/\/prensapresidencialvenezuela.gob.ve\/wp-content\/uploads\/2025\/07\/09_JZ__5281_P-1024x683.jpg 1024w, https:\/\/prensapresidencialvenezuela.gob.ve\/wp-content\/uploads\/2025\/07\/09_JZ__5281_P-300x200.jpg 300w, https:\/\/prensapresidencialvenezuela.gob.ve\/wp-content\/uploads\/2025\/07\/09_JZ__5281_P-768x512.jpg 768w, https:\/\/prensapresidencialvenezuela.gob.ve\/wp-content\/uploads\/2025\/07\/09_JZ__5281_P-1536x1024.jpg 1536w, https:\/\/prensapresidencialvenezuela.gob.ve\/wp-content\/uploads\/2025\/07\/09_JZ__5281_P-2048x1365.jpg 2048w\" sizes=\"(max-width: 1024px) 100vw, 1024px\" \/><\/figure>\n\n\n\n<h2 class=\"wp-block-heading alignwide\"><strong>3. Defensa Territorial y Soberan\u00eda Nacional: Milicia Campesina<\/strong><\/h2>\n\n\n\n<p>El presidente Maduro anunci\u00f3 la tercera l\u00ednea estrat\u00e9gica: la defensa territorial y de la soberan\u00eda nacional. Para ello, invit\u00f3 al mayor general Orlando Romero Bol\u00edvar, jefe de la Milicia Nacional Bolivariana, para desarrollar un plan en los pr\u00f3ximos 60 d\u00edas que permita al \u00abpueblo campesino tener su milicia campesina, con sus fusiles y sus misiles\u00bb.<\/p>\n\n\n\n<p>La finalidad de esta forma organizativa es consolidar una \u00abuni\u00f3n perfecta: popular, campesina, militar\u00bb, en consonancia con la corresponsabilidad establecida en la Constituci\u00f3n para la seguridad y defensa de la naci\u00f3n, entre el Estado, la Fuerza Armada Nacional Bolivariana, la Milicia Nacional Bolivariana y el pueblo organizado.<\/p>\n\n\n\n<p>Finalmente, el presidente Maduro afirm\u00f3 que esta medida reivindica la ra\u00edz bolivariana y el legado de Ezequiel Zamora, quien construy\u00f3 su ej\u00e9rcito victorioso.<\/p>\n\n\n\n<p><strong>Prensa Presidencial \/ Iliana Rosales<\/strong><\/p>\n","protected":false},"excerpt":{"rendered":"<p>Poliedro de Caracas, Caracas.- El presidente de la Rep\u00fablica Bolivariana de Venezuela, Nicol\u00e1s Maduro, anunci\u00f3 este viernes, durante el Congreso Campesino, tres \u00abgrandes l\u00edneas\u00bb estrat\u00e9gicas que buscan revolucionar la organizaci\u00f3n, producci\u00f3n y defensa territorial del sector agr\u00edcola en Venezuela. Estos lineamientos garantizar\u00e1n la creaci\u00f3n de una nueva fuerza campesina unificada y el fortalecimiento de la [&hellip;]<\/p>\n","protected":false},"author":1,"featured_media":21713,"comment_status":"open","ping_status":"open","sticky":false,"template":"","format":"standard","meta":{"footnotes":""},"categories":[18,7],"tags":[],"class_list":["post-21712","post","type-post","status-publish","format-standard","has-post-thumbnail","hentry","category-noticias-principales","category-notas-de-prensa"],"_links":{"self":[{"href":"https:\/\/prensapresidencialvenezuela.gob.ve\/index.php\/wp-json\/wp\/v2\/posts\/21712","targetHints":{"allow":["GET"]}}],"collection":[{"href":"https:\/\/prensapresidencialvenezuela.gob.ve\/index.php\/wp-json\/wp\/v2\/posts"}],"about":[{"href":"https:\/\/prensapresidencialvenezuela.gob.ve\/index.php\/wp-json\/wp\/v2\/types\/post"}],"author":[{"embeddable":true,"href":"https:\/\/prensapresidencialvenezuela.gob.ve\/index.php\/wp-json\/wp\/v2\/users\/1"}],"replies":[{"embeddable":true,"href":"https:\/\/prensapresidencialvenezuela.gob.ve\/index.php\/wp-json\/wp\/v2\/comments?post=21712"}],"version-history":[{"count":1,"href":"https:\/\/prensapresidencialvenezuela.gob.ve\/index.php\/wp-json\/wp\/v2\/posts\/21712\/revisions"}],"predecessor-version":[{"id":21716,"href":"https:\/\/prensapresidencialvenezuela.gob.ve\/index.php\/wp-json\/wp\/v2\/posts\/21712\/revisions\/21716"}],"wp:featuredmedia":[{"embeddable":true,"href":"https:\/\/prensapresidencialvenezuela.gob.ve\/index.php\/wp-json\/wp\/v2\/media\/21713"}],"wp:attachment":[{"href":"https:\/\/prensapresidencialvenezuela.gob.ve\/index.php\/wp-json\/wp\/v2\/media?parent=21712"}],"wp:term":[{"taxonomy":"category","embeddable":true,"href":"https:\/\/prensapresidencialvenezuela.gob.ve\/index.php\/wp-json\/wp\/v2\/categories?post=21712"},{"taxonomy":"post_tag","embeddable":true,"href":"https:\/\/prensapresidencialvenezuela.gob.ve\/index.php\/wp-json\/wp\/v2\/tags?post=21712"}],"curies":[{"name":"wp","href":"https:\/\/api.w.org\/{rel}","templated":true}]}}