{"id":21717,"date":"2025-07-18T19:50:02","date_gmt":"2025-07-18T23:50:02","guid":{"rendered":"https:\/\/prensapresidencialvenezuela.gob.ve\/?p=21717"},"modified":"2025-07-18T19:50:03","modified_gmt":"2025-07-18T23:50:03","slug":"gobierno-revolucionario-logra-liberacion-de-venezolanos-secuestrados-y-torturados-en-el-salvador","status":"publish","type":"post","link":"https:\/\/prensapresidencialvenezuela.gob.ve\/index.php\/2025\/07\/18\/gobierno-revolucionario-logra-liberacion-de-venezolanos-secuestrados-y-torturados-en-el-salvador\/","title":{"rendered":"Gobierno revolucionario logra liberaci\u00f3n de venezolanos secuestrados y torturados en El Salvador"},"content":{"rendered":"\n<p><strong>Poliedro de Caracas. \u2013<\/strong> El presidente de la Rep\u00fablica Bolivariana de Venezuela, Nicol\u00e1s Maduro Moros, se pronunci\u00f3 este viernes con relaci\u00f3n a los 252 venezolanos que arribaron en horas de la tarde-noche al pa\u00eds, despu\u00e9s de haber estado secuestrados en el Centro de Confinamiento del Terrorismo (CECOT), en El Salvador, desde el mes de marzo del presente a\u00f1o.&nbsp;<\/p>\n\n\n\n<p>En este sentido, el jefe de Estado inform\u00f3 que salieron dos aviones del aeropuerto de El Salvador con estos j\u00f3venes migrantes, enfatizando, adem\u00e1s, que ellos estuvieron bajo \u00abla tortura en El Salvador; pero hoy, ya est\u00e1n aterrizando al Aeropuerto Internacional de Maiquet\u00eda Sim\u00f3n Bol\u00edvar, nuestra Patria hermosa\u00bb. &nbsp;<\/p>\n\n\n\n<p>Por su parte, el ministro del Poder Popular para las Relaciones Interiores, Justicia y Paz, Diosdado Cabello Rond\u00f3n, comunic\u00f3 que ya aterriz\u00f3 el primer avi\u00f3n al aeropuerto con 126 venezolanos, as\u00ed como el segundo avi\u00f3n con otro lote de j\u00f3venes, que ya est\u00e1 arribando a suelo patrio.<\/p>\n\n\n\n<h2 class=\"wp-block-heading alignwide\">\u00abHemos estado hilando poco a poco una negociaci\u00f3n entre Venezuela y el Gobierno de los Estados Unidos, directamente, sin intermediarios. Hemos pagado un alto precio, pero en medio de las negociaciones, creemos que (\u2026) por este grupo de venezolanos, vale la pena\u00bb<\/h2>\n\n\n\n<p>Durante el Congreso Campesino para dar inicio a la Conformaci\u00f3n de los Consejos Campesinos en las comunidades rurales, el Presidente ha reiterado con sentimiento patrio, que esta fue una promesa que hizo algunos meses a los familiares de estos j\u00f3venes, que no cometieron ning\u00fan delito; y al respecto, expres\u00f3: \u00abMigrar no es un delito, secuestrar y torturar migrantes s\u00ed es un delito, y Bukele lo debe saber, que m\u00e1s temprano va a haber justicia por lo que les ha hecho a los venezolanos, en los campos de concentraci\u00f3n y tortura\u00bb.<\/p>\n\n\n\n<p>Adem\u00e1s, el Mandatario ha hecho \u00e9nfasis en que ellos estuvieron desparecidos por mucho tiempo, sin derecho a la defensa, aislados, y sin poder acceder a sus abogados ni a un debido proceso, para poder obtener informaci\u00f3n de su estado legal en El Salvador.<\/p>\n\n\n\n<p><strong>Acci\u00f3n oportuna de la justicia venezolana<\/strong><\/p>\n\n\n\n<p>En este orden de ideas, el Dignatario precis\u00f3 que para lograr esta liberaci\u00f3n el Gobierno de Venezuela tuvo que realizar un \u00abcanje caro\u00bb, ya que tuvieron que entregar a diez (10) terroristas agentes de la Agencia Central de Inteligencia (CIA), \u00abconvictos y confesos\u00bb, que hab\u00edan venido al pa\u00eds con la intenci\u00f3n de asesinar al presidente de la Rep\u00fablica, a la vicepresidenta, l\u00edderes militares y revolucionarios; pero que gracias a la justicia venezolana fueron capturados a tiempo.<\/p>\n\n\n\n<p>Adicional a ello, agradeci\u00f3 al presidente de la Asamblea Nacional (AN), Jorge Rodr\u00edguez, por llevar la mediaci\u00f3n de este proceso de negociaci\u00f3n y liberaci\u00f3n, as\u00ed como, al dirigente del Gobierno de los Estados Unidos, Donald Trump, por la decisi\u00f3n de rectificar sobre esta situaci\u00f3n irregular, y al papa Le\u00f3n XXIV por sus oraciones y peticiones, as\u00ed como a otras personalidades.<\/p>\n\n\n\n<p>Por consiguiente, asever\u00f3 que, entre los j\u00f3venes torturados en ese campo de concentraci\u00f3n y tortura, est\u00e1 un joven que perdi\u00f3 un ri\u00f1\u00f3n producto de las palizas que le dieron en El Salvador, en varias oportunidades; por lo que, el l\u00edder venezolano acot\u00f3 que en Maiquet\u00eda estar\u00e1 un equipo especial de m\u00e9dicos de la Misi\u00f3n Barrio Adentro para atenderlos y hacerles su chequeo respectivo y corroborar que est\u00e9n en optimas condiciones de salud.<\/p>\n\n\n\n<p><strong>Prensa Presidencial\/ Irmary D\u00edaz<\/strong><\/p>\n","protected":false},"excerpt":{"rendered":"<p>Poliedro de Caracas. \u2013 El presidente de la Rep\u00fablica Bolivariana de Venezuela, Nicol\u00e1s Maduro Moros, se pronunci\u00f3 este viernes con relaci\u00f3n a los 252 venezolanos que arribaron en horas de la tarde-noche al pa\u00eds, despu\u00e9s de haber estado secuestrados en el Centro de Confinamiento del Terrorismo (CECOT), en El Salvador, desde el mes de marzo [&hellip;]<\/p>\n","protected":false},"author":1,"featured_media":21718,"comment_status":"open","ping_status":"open","sticky":false,"template":"","format":"standard","meta":{"footnotes":""},"categories":[18,7],"tags":[],"class_list":["post-21717","post","type-post","status-publish","format-standard","has-post-thumbnail","hentry","category-noticias-principales","category-notas-de-prensa"],"_links":{"self":[{"href":"https:\/\/prensapresidencialvenezuela.gob.ve\/index.php\/wp-json\/wp\/v2\/posts\/21717","targetHints":{"allow":["GET"]}}],"collection":[{"href":"https:\/\/prensapresidencialvenezuela.gob.ve\/index.php\/wp-json\/wp\/v2\/posts"}],"about":[{"href":"https:\/\/prensapresidencialvenezuela.gob.ve\/index.php\/wp-json\/wp\/v2\/types\/post"}],"author":[{"embeddable":true,"href":"https:\/\/prensapresidencialvenezuela.gob.ve\/index.php\/wp-json\/wp\/v2\/users\/1"}],"replies":[{"embeddable":true,"href":"https:\/\/prensapresidencialvenezuela.gob.ve\/index.php\/wp-json\/wp\/v2\/comments?post=21717"}],"version-history":[{"count":1,"href":"https:\/\/prensapresidencialvenezuela.gob.ve\/index.php\/wp-json\/wp\/v2\/posts\/21717\/revisions"}],"predecessor-version":[{"id":21719,"href":"https:\/\/prensapresidencialvenezuela.gob.ve\/index.php\/wp-json\/wp\/v2\/posts\/21717\/revisions\/21719"}],"wp:featuredmedia":[{"embeddable":true,"href":"https:\/\/prensapresidencialvenezuela.gob.ve\/index.php\/wp-json\/wp\/v2\/media\/21718"}],"wp:attachment":[{"href":"https:\/\/prensapresidencialvenezuela.gob.ve\/index.php\/wp-json\/wp\/v2\/media?parent=21717"}],"wp:term":[{"taxonomy":"category","embeddable":true,"href":"https:\/\/prensapresidencialvenezuela.gob.ve\/index.php\/wp-json\/wp\/v2\/categories?post=21717"},{"taxonomy":"post_tag","embeddable":true,"href":"https:\/\/prensapresidencialvenezuela.gob.ve\/index.php\/wp-json\/wp\/v2\/tags?post=21717"}],"curies":[{"name":"wp","href":"https:\/\/api.w.org\/{rel}","templated":true}]}}