{"id":21720,"date":"2025-07-18T20:38:13","date_gmt":"2025-07-19T00:38:13","guid":{"rendered":"https:\/\/prensapresidencialvenezuela.gob.ve\/?p=21720"},"modified":"2025-07-18T20:38:15","modified_gmt":"2025-07-19T00:38:15","slug":"poder-campesino-venezolano-se-juega-todo-por-el-todo-ante-sanciones","status":"publish","type":"post","link":"https:\/\/prensapresidencialvenezuela.gob.ve\/index.php\/2025\/07\/18\/poder-campesino-venezolano-se-juega-todo-por-el-todo-ante-sanciones\/","title":{"rendered":"Poder campesino venezolano se juega todo por el todo ante sanciones"},"content":{"rendered":"\n<p><strong>Poliedro de Caracas.- <\/strong>El pueblo agricultor presente en el Congreso Fundacional Campesino para la conformaci\u00f3n de los Consejos Campesinos en las comunidades rurales, durante el desarrollo del encuentro, le dio a conocer a todo el pa\u00eds su compromiso en la producci\u00f3n agroalimentaria, no solo para el abastecimiento del mercado nacional, sino tambi\u00e9n con aspiraciones de exportaci\u00f3n.<\/p>\n\n\n\n<h2 class=\"wp-block-heading alignwide\">Mar\u00eda Isabel Carrillo, campesina de Acarigua, estado Portuguesa, expres\u00f3 con gran emotividad: \u00abHoy estamos aqu\u00ed, en unidad perfecta, los campesinos y campesinas (\u2026) porque a trav\u00e9s de las estructuras, de las bases populares hemos logrado consolidar una gran fuerza\u00bb.<\/h2>\n\n\n\n<p>Seguidamente, Miauel Argenis Mieres Rivero, vocero del Consejo Campesino Sim\u00f3n Rodr\u00edguez de Barinas, aprovech\u00f3 el encuentro presidencial para decir &nbsp;que \u00aba pesar de los bloqueos y sanciones, el poder campesino y las productoras, tenemos la capacidad de construir soluciones (\u2026) hemos salido &lt;a las calles y a nuestros campos a trabajar\u00bb.<\/p>\n\n\n\n<pre class=\"wp-block-code\"><code><\/code><\/pre><iframe width=\"560\" height=\"315\" src=\"https:\/\/www.youtube.com\/embed\/iJ5WorE8yaU?si=0Ssp3-RrmiiGtPID\" title=\"YouTube video player\" frameborder=\"0\" allow=\"accelerometer; autoplay; clipboard-write; encrypted-media; gyroscope; picture-in-picture; web-share\" referrerpolicy=\"strict-origin-when-cross-origin\" allowfullscreen><\/iframe>\n\n\n\n<p>Al respecto, el Presidente Nicol\u00e1s Maduro destac\u00f3 que los productores campesinos tienen el desaf\u00edo de producir alimentos sanos para el pueblo y evitar enfermedades degenerativas. \u00abDime c\u00f3mo te alimentas y te podr\u00e9 de decir de qu\u00e9 te enfermas\u00bb, enfatiz\u00f3.<\/p>\n\n\n\n<p><strong>Prensa Presidencial\/Claudia Guerra M\u00e9ndez<\/strong><\/p>\n","protected":false},"excerpt":{"rendered":"<p>Poliedro de Caracas.- El pueblo agricultor presente en el Congreso Fundacional Campesino para la conformaci\u00f3n de los Consejos Campesinos en las comunidades rurales, durante el desarrollo del encuentro, le dio a conocer a todo el pa\u00eds su compromiso en la producci\u00f3n agroalimentaria, no solo para el abastecimiento del mercado nacional, sino tambi\u00e9n con aspiraciones de [&hellip;]<\/p>\n","protected":false},"author":1,"featured_media":21721,"comment_status":"open","ping_status":"open","sticky":false,"template":"","format":"standard","meta":{"footnotes":""},"categories":[18,7],"tags":[],"class_list":["post-21720","post","type-post","status-publish","format-standard","has-post-thumbnail","hentry","category-noticias-principales","category-notas-de-prensa"],"_links":{"self":[{"href":"https:\/\/prensapresidencialvenezuela.gob.ve\/index.php\/wp-json\/wp\/v2\/posts\/21720","targetHints":{"allow":["GET"]}}],"collection":[{"href":"https:\/\/prensapresidencialvenezuela.gob.ve\/index.php\/wp-json\/wp\/v2\/posts"}],"about":[{"href":"https:\/\/prensapresidencialvenezuela.gob.ve\/index.php\/wp-json\/wp\/v2\/types\/post"}],"author":[{"embeddable":true,"href":"https:\/\/prensapresidencialvenezuela.gob.ve\/index.php\/wp-json\/wp\/v2\/users\/1"}],"replies":[{"embeddable":true,"href":"https:\/\/prensapresidencialvenezuela.gob.ve\/index.php\/wp-json\/wp\/v2\/comments?post=21720"}],"version-history":[{"count":1,"href":"https:\/\/prensapresidencialvenezuela.gob.ve\/index.php\/wp-json\/wp\/v2\/posts\/21720\/revisions"}],"predecessor-version":[{"id":21722,"href":"https:\/\/prensapresidencialvenezuela.gob.ve\/index.php\/wp-json\/wp\/v2\/posts\/21720\/revisions\/21722"}],"wp:featuredmedia":[{"embeddable":true,"href":"https:\/\/prensapresidencialvenezuela.gob.ve\/index.php\/wp-json\/wp\/v2\/media\/21721"}],"wp:attachment":[{"href":"https:\/\/prensapresidencialvenezuela.gob.ve\/index.php\/wp-json\/wp\/v2\/media?parent=21720"}],"wp:term":[{"taxonomy":"category","embeddable":true,"href":"https:\/\/prensapresidencialvenezuela.gob.ve\/index.php\/wp-json\/wp\/v2\/categories?post=21720"},{"taxonomy":"post_tag","embeddable":true,"href":"https:\/\/prensapresidencialvenezuela.gob.ve\/index.php\/wp-json\/wp\/v2\/tags?post=21720"}],"curies":[{"name":"wp","href":"https:\/\/api.w.org\/{rel}","templated":true}]}}