{"id":21729,"date":"2025-07-21T20:43:41","date_gmt":"2025-07-22T00:43:41","guid":{"rendered":"https:\/\/prensapresidencialvenezuela.gob.ve\/?p=21729"},"modified":"2025-07-21T20:46:58","modified_gmt":"2025-07-22T00:46:58","slug":"presidente-maduro-venezuela-es-un-pueblo-invencible-que-grita-libertad-frente-al-imperialismo","status":"publish","type":"post","link":"https:\/\/prensapresidencialvenezuela.gob.ve\/index.php\/2025\/07\/21\/presidente-maduro-venezuela-es-un-pueblo-invencible-que-grita-libertad-frente-al-imperialismo\/","title":{"rendered":"Presidente Maduro: \u00abVenezuela es un pueblo invencible que grita libertad frente al imperialismo\u00bb"},"content":{"rendered":"\n<p><strong>Palacio de Miraflores, Caracas.- <\/strong>Durante el programa <em>Con Maduro M\u00e1s<\/em>, en su edici\u00f3n n\u00famero 86, el presidente de la Rep\u00fablica Bolivariana de Venezuela, Nicol\u00e1s Maduro Moros, declar\u00f3 que el pa\u00eds est\u00e1 lleno de un pueblo invencible que grita libertad frente al imperialismo.<\/p>\n\n\n\n<p>En el discurso inicial del programa, ofreci\u00f3 unas declaraciones cargadas de un fuerte mensaje antiimperialista y de fe, en el que afirm\u00f3 que el mes de julio ha sido bendecido y augur\u00f3 un 2025 de milagros.<\/p>\n\n\n\n<p>\u00abLos milagros solo los hace Dios. Nosotros unidos, como hemos estado, lo que hacemos es que nuestras peticiones lleguen con m\u00e1s fuerza, porque un pueblo unido es invencible. Ya Venezuela lo ha demostrado una y otra vez, a lo largo de los siglos\u00bb, sostuvo.<\/p>\n\n\n\n<p>Esta postura guarda relaci\u00f3n con la llegada, esta semana, de los 252 ciudadanos trabajadores que se encontraban secuestrados por el Gobierno de El Salvador, en el Centro de Confinamiento del Terrorismo (CECOT), y con la repatriaci\u00f3n de 7 de los 36 ni\u00f1os y ni\u00f1as que fueron separados de sus padres durante operativos contra migrantes, realizados por el Servicio de Inmigraci\u00f3n y Control de Aduanas de Estados Unidos (ICE, por sus siglas en ingl\u00e9s).<\/p>\n\n\n\n<p>Igualmente, el Mandatario nacional subray\u00f3 que Venezuela ha demostrado su invencibilidad, present\u00e1ndose como \u00abel pueblo de la dignidad, de la rebeld\u00eda, de la conciencia suprema\u00bb y, sobre todo, \u00abel pueblo de la libertad\u00bb.<\/p>\n\n\n\n<p>En este sentido, hizo un llamado a la libertad en su expresi\u00f3n m\u00e1s pura, vincul\u00e1ndola a la justicia y la redenci\u00f3n. \u00abPor eso Venezuela grita, \u00a1libertad, libertad, libertad! Libertad para el oprimido, para el que sufre, libertad para todo el que es perseguido. Libertad es la justicia de Cristo Redentor\u00bb, proclam\u00f3.<\/p>\n\n\n\n<p>Finalmente, en una analog\u00eda equipar\u00f3 la senda de Venezuela con principios divinos: \u00abJesucristo es el camino, la verdad y la vida. Venezuela es el camino, es la verdad, es la vida y la victoria permanente de la verdad y la justicia\u00bb. Con estas palabras, el Presidente reafirm\u00f3 la identidad de la naci\u00f3n como un baluarte de resistencia y principios, enviando un mensaje claro de soberan\u00eda y autodeterminaci\u00f3n frente a cualquier injerencia externa.<\/p>\n\n\n\n<p><strong>Prensa Presidencial \/ Iliana Rosales<\/strong><\/p>\n","protected":false},"excerpt":{"rendered":"<p>Palacio de Miraflores, Caracas.- Durante el programa Con Maduro M\u00e1s, en su edici\u00f3n n\u00famero 86, el presidente de la Rep\u00fablica Bolivariana de Venezuela, Nicol\u00e1s Maduro Moros, declar\u00f3 que el pa\u00eds est\u00e1 lleno de un pueblo invencible que grita libertad frente al imperialismo. En el discurso inicial del programa, ofreci\u00f3 unas declaraciones cargadas de un fuerte [&hellip;]<\/p>\n","protected":false},"author":1,"featured_media":21730,"comment_status":"open","ping_status":"open","sticky":false,"template":"","format":"standard","meta":{"footnotes":""},"categories":[18,7],"tags":[],"class_list":["post-21729","post","type-post","status-publish","format-standard","has-post-thumbnail","hentry","category-noticias-principales","category-notas-de-prensa"],"_links":{"self":[{"href":"https:\/\/prensapresidencialvenezuela.gob.ve\/index.php\/wp-json\/wp\/v2\/posts\/21729","targetHints":{"allow":["GET"]}}],"collection":[{"href":"https:\/\/prensapresidencialvenezuela.gob.ve\/index.php\/wp-json\/wp\/v2\/posts"}],"about":[{"href":"https:\/\/prensapresidencialvenezuela.gob.ve\/index.php\/wp-json\/wp\/v2\/types\/post"}],"author":[{"embeddable":true,"href":"https:\/\/prensapresidencialvenezuela.gob.ve\/index.php\/wp-json\/wp\/v2\/users\/1"}],"replies":[{"embeddable":true,"href":"https:\/\/prensapresidencialvenezuela.gob.ve\/index.php\/wp-json\/wp\/v2\/comments?post=21729"}],"version-history":[{"count":2,"href":"https:\/\/prensapresidencialvenezuela.gob.ve\/index.php\/wp-json\/wp\/v2\/posts\/21729\/revisions"}],"predecessor-version":[{"id":21732,"href":"https:\/\/prensapresidencialvenezuela.gob.ve\/index.php\/wp-json\/wp\/v2\/posts\/21729\/revisions\/21732"}],"wp:featuredmedia":[{"embeddable":true,"href":"https:\/\/prensapresidencialvenezuela.gob.ve\/index.php\/wp-json\/wp\/v2\/media\/21730"}],"wp:attachment":[{"href":"https:\/\/prensapresidencialvenezuela.gob.ve\/index.php\/wp-json\/wp\/v2\/media?parent=21729"}],"wp:term":[{"taxonomy":"category","embeddable":true,"href":"https:\/\/prensapresidencialvenezuela.gob.ve\/index.php\/wp-json\/wp\/v2\/categories?post=21729"},{"taxonomy":"post_tag","embeddable":true,"href":"https:\/\/prensapresidencialvenezuela.gob.ve\/index.php\/wp-json\/wp\/v2\/tags?post=21729"}],"curies":[{"name":"wp","href":"https:\/\/api.w.org\/{rel}","templated":true}]}}