{"id":2173,"date":"2022-06-02T14:31:00","date_gmt":"2022-06-02T14:31:00","guid":{"rendered":"http:\/\/172.27.0.121\/?p=2173"},"modified":"2022-07-13T14:35:47","modified_gmt":"2022-07-13T14:35:47","slug":"maduro-ordena-incrementar-operaciones-para-desarticular-grupos-tancol","status":"publish","type":"post","link":"https:\/\/prensapresidencialvenezuela.gob.ve\/index.php\/2022\/06\/02\/maduro-ordena-incrementar-operaciones-para-desarticular-grupos-tancol\/","title":{"rendered":"Maduro ordena incrementar operaciones para desarticular grupos TANCOL"},"content":{"rendered":"\n<p><strong>Fuerte Tiuna, Caracas.- <\/strong>El incremento de operaciones militares y policiales para desarticular completamente a los grupos Terroristas Armados Narcotraficantes de Colombia (TANCOL) instruy\u00f3 el presidente de la Rep\u00fablica, Nicol\u00e1s Maduro, en el contexto de la Operaci\u00f3n \u201cEscudo Bolivariano 2022\u201d.<\/p>\n\n\n\n<p>Desde Fuerte Tiuna, ubicado en Caracas, se\u00f1al\u00f3 la necesidad de ejercer presi\u00f3n permanente para garantizar el exterminio de los restos de los TANCOL. En este sentido, encarg\u00f3 al ministro del Poder Popular para la Defensa, Vladimir Padrino L\u00f3pez, y al comandante Estrat\u00e9gico Operacional, Domingo Hern\u00e1ndez L\u00e1rez, del efectivo desarrollo de las operaciones en el territorio nacional.<\/p>\n\n\n\n<p>Al presentar el balance Operaci\u00f3n \u201cEscudo Bolivariano 2022\u201d, el tambi\u00e9n Comandante en Jefe de la Fuerza Armada Nacional Bolivariana (FANB) ratific\u00f3 la orden de \u201cdesarticular completamente desde el punto de vista f\u00edsico, territorial, log\u00edstico, militar, pol\u00edtico y social a todos los grupos TANCOL\u201d.<\/p>\n\n\n\n<p>En este sentido, puntualiz\u00f3 que los TANCOL centran su accionar en el narcotr\u00e1fico y terrorismo en correspondencia con los mandatos girados por la oligarqu\u00eda de Colombia.<\/p>\n\n\n\n<p>\u201cLos TANCOL son enemigos de Venezuela, son enemigos de la Fuerza Armada Nacional Bolivariana\u201d, enfatiz\u00f3, al tiempo que exhort\u00f3 a fortalecer la uni\u00f3n c\u00edvico-militar-policial para enfrentar a grupos narcoterroristas que pretenden atentar contra la estabilidad nacional.<\/p>\n\n\n\n<p>El Dignatario, por otro lado, extendi\u00f3 su reconocimiento a los efectivos de la FANB por \u201csu valent\u00eda y capacidad militar\u201d para desmembrar a los TANCOL, as\u00ed como en operaciones de limpieza de los 2.200 kil\u00f3metros de frontera com\u00fan con Colombia.<\/p>\n\n\n\n<p>\u201c\u00bfQu\u00e9 hay del lado colombiano? Terrorismo, violencia, narcotr\u00e1fico, secuestro, contrabando (\u2026) Toda la frontera de Colombia abandonada durante d\u00e9cadas\u201d, indic\u00f3 Maduro, quien subray\u00f3 que del lado de Venezuela las acciones ilegales de grupos narcoparamilitares no han prosperado gracias a la actuaci\u00f3n eficaz de la FANB.<\/p>\n\n\n\n<p><strong>Prensa Presidencial\/Karelis Gonz\u00e1lez<\/strong><\/p>\n","protected":false},"excerpt":{"rendered":"<p>Fuerte Tiuna, Caracas.- El incremento de operaciones militares y policiales para desarticular completamente a los grupos Terroristas Armados Narcotraficantes de Colombia (TANCOL) instruy\u00f3 el presidente de la Rep\u00fablica, Nicol\u00e1s Maduro, en el contexto de la Operaci\u00f3n \u201cEscudo Bolivariano 2022\u201d. Desde Fuerte Tiuna, ubicado en Caracas, se\u00f1al\u00f3 la necesidad de ejercer presi\u00f3n permanente para garantizar el [&hellip;]<\/p>\n","protected":false},"author":6,"featured_media":2174,"comment_status":"open","ping_status":"open","sticky":false,"template":"","format":"standard","meta":{"footnotes":""},"categories":[7],"tags":[],"class_list":["post-2173","post","type-post","status-publish","format-standard","has-post-thumbnail","hentry","category-notas-de-prensa"],"_links":{"self":[{"href":"https:\/\/prensapresidencialvenezuela.gob.ve\/index.php\/wp-json\/wp\/v2\/posts\/2173","targetHints":{"allow":["GET"]}}],"collection":[{"href":"https:\/\/prensapresidencialvenezuela.gob.ve\/index.php\/wp-json\/wp\/v2\/posts"}],"about":[{"href":"https:\/\/prensapresidencialvenezuela.gob.ve\/index.php\/wp-json\/wp\/v2\/types\/post"}],"author":[{"embeddable":true,"href":"https:\/\/prensapresidencialvenezuela.gob.ve\/index.php\/wp-json\/wp\/v2\/users\/6"}],"replies":[{"embeddable":true,"href":"https:\/\/prensapresidencialvenezuela.gob.ve\/index.php\/wp-json\/wp\/v2\/comments?post=2173"}],"version-history":[{"count":1,"href":"https:\/\/prensapresidencialvenezuela.gob.ve\/index.php\/wp-json\/wp\/v2\/posts\/2173\/revisions"}],"predecessor-version":[{"id":2175,"href":"https:\/\/prensapresidencialvenezuela.gob.ve\/index.php\/wp-json\/wp\/v2\/posts\/2173\/revisions\/2175"}],"wp:featuredmedia":[{"embeddable":true,"href":"https:\/\/prensapresidencialvenezuela.gob.ve\/index.php\/wp-json\/wp\/v2\/media\/2174"}],"wp:attachment":[{"href":"https:\/\/prensapresidencialvenezuela.gob.ve\/index.php\/wp-json\/wp\/v2\/media?parent=2173"}],"wp:term":[{"taxonomy":"category","embeddable":true,"href":"https:\/\/prensapresidencialvenezuela.gob.ve\/index.php\/wp-json\/wp\/v2\/categories?post=2173"},{"taxonomy":"post_tag","embeddable":true,"href":"https:\/\/prensapresidencialvenezuela.gob.ve\/index.php\/wp-json\/wp\/v2\/tags?post=2173"}],"curies":[{"name":"wp","href":"https:\/\/api.w.org\/{rel}","templated":true}]}}