{"id":21733,"date":"2025-07-21T21:01:01","date_gmt":"2025-07-22T01:01:01","guid":{"rendered":"https:\/\/prensapresidencialvenezuela.gob.ve\/?p=21733"},"modified":"2025-07-21T21:01:02","modified_gmt":"2025-07-22T01:01:02","slug":"venezuela-reafirma-lazos-de-cooperacion-con-potencias-economicas-del-mundo","status":"publish","type":"post","link":"https:\/\/prensapresidencialvenezuela.gob.ve\/index.php\/2025\/07\/21\/venezuela-reafirma-lazos-de-cooperacion-con-potencias-economicas-del-mundo\/","title":{"rendered":"Venezuela reafirma lazos de cooperaci\u00f3n con potencias econ\u00f3micas del mundo"},"content":{"rendered":"\n<p><strong>Palacio de Miraflores, Caracas.- <\/strong>Durante su segmento \u00abZona Digital\u00bb, en su programa habitual <em>Con Maduro +,<\/em> el presidente de la Rep\u00fablica Bolivariana de Venezuela, Nicol\u00e1s Maduro Moros,ha reafirmado su compromiso de cooperaci\u00f3n bilateral con la Rep\u00fablica de Surinam y la Rep\u00fablica Popular China.<\/p>\n\n\n\n<p>Con relaci\u00f3n a los lazos de amistad y cooperaci\u00f3n que unen a Venezuela y Surinam, pa\u00edses que han suscrito acuerdos importantes en \u00e1reas como la energ\u00eda, el comercio y la protecci\u00f3n de la Amazon\u00eda; el Jefe de Estado ha resaltado que ambas naciones seguir\u00e1n afianzando los v\u00ednculos democr\u00e1ticos.<\/p>\n\n\n\n<p>Este punto destacado por el Presidente, fue a prop\u00f3sito de la toma de posesi\u00f3n de su nueva presidenta, Jennifer Geerlings-Simons, a la cual asisti\u00f3 en representaci\u00f3n de la Rep\u00fablica Bolivariana de Venezuela, la vicepresidenta Delcy Rodr\u00edguez, quien adem\u00e1s llev\u00f3 ante la nueva mandataria de la naci\u00f3n, el agradecimiento, felicitaci\u00f3n y una carta especial suscrita por el l\u00edder venezolano.<\/p>\n\n\n\n<p>En esta l\u00ednea, el Mandatario nacional subray\u00f3 que es primera vez que, en la Rep\u00fablica de Surinam, se elige a una mujer como presidenta; acentuando a su vez, que \u00abSurinam es un pa\u00eds muy amigo de Venezuela y con el que se ha conversado para ir profundizado en todos los planes de cooperaci\u00f3n\u00bb.<\/p>\n\n\n\n<h2 class=\"wp-block-heading\"><strong>Lazos de cooperaci\u00f3n con el Gigante Asi\u00e1tico, China.<\/strong><\/h2>\n\n\n\n<p>Respecto a la econom\u00eda de la Rep\u00fablica Popular China y la guerra comercial que ha sido ejercida por los Estados Unidos en contra de la naci\u00f3n, enfatiz\u00f3 que \u00abChina es la gran maquina mundial y la primera econom\u00eda del mundo\u00bb.<\/p>\n\n\n\n<p>Por otra parte, el Dignatario nacional ha indicado que China fue gran potencia durante siglos, hasta que fue golpeada en el siglo XIX, y luego, al liberarse hace 80 a\u00f1os de todos esos imperios, comenz\u00f3 un proceso de reconstrucci\u00f3n y la Gran Marcha de China como potencia milenaria de la humanidad.<\/p>\n\n\n\n<p>Al mismo tiempo, mencion\u00f3 que este pueblo hermano ha construido una econom\u00eda sobre esfuerzos propios, motivo por el que \u00abno hay manera de que le hagan da\u00f1o a su econom\u00eda\u00bb.<\/p>\n\n\n\n<p>Por \u00faltimo, manifest\u00f3 que Venezuela tiene que seguir ese camino de crecimiento e impulso, como lo ha hecho la Rep\u00fablica Popular China, porque \u00abVenezuela lo tiene todo, para que m\u00e1s nunca nadie nos haga da\u00f1o, para vender al mundo y para convertirnos en la China de Suram\u00e9rica\u00bb.<\/p>\n\n\n\n<p><strong>Prensa Presidencial\/ Irmary D\u00edaz<\/strong><\/p>\n","protected":false},"excerpt":{"rendered":"<p>Palacio de Miraflores, Caracas.- Durante su segmento \u00abZona Digital\u00bb, en su programa habitual Con Maduro +, el presidente de la Rep\u00fablica Bolivariana de Venezuela, Nicol\u00e1s Maduro Moros,ha reafirmado su compromiso de cooperaci\u00f3n bilateral con la Rep\u00fablica de Surinam y la Rep\u00fablica Popular China. Con relaci\u00f3n a los lazos de amistad y cooperaci\u00f3n que unen a [&hellip;]<\/p>\n","protected":false},"author":1,"featured_media":21738,"comment_status":"open","ping_status":"open","sticky":false,"template":"","format":"standard","meta":{"footnotes":""},"categories":[18,7],"tags":[],"class_list":["post-21733","post","type-post","status-publish","format-standard","has-post-thumbnail","hentry","category-noticias-principales","category-notas-de-prensa"],"_links":{"self":[{"href":"https:\/\/prensapresidencialvenezuela.gob.ve\/index.php\/wp-json\/wp\/v2\/posts\/21733","targetHints":{"allow":["GET"]}}],"collection":[{"href":"https:\/\/prensapresidencialvenezuela.gob.ve\/index.php\/wp-json\/wp\/v2\/posts"}],"about":[{"href":"https:\/\/prensapresidencialvenezuela.gob.ve\/index.php\/wp-json\/wp\/v2\/types\/post"}],"author":[{"embeddable":true,"href":"https:\/\/prensapresidencialvenezuela.gob.ve\/index.php\/wp-json\/wp\/v2\/users\/1"}],"replies":[{"embeddable":true,"href":"https:\/\/prensapresidencialvenezuela.gob.ve\/index.php\/wp-json\/wp\/v2\/comments?post=21733"}],"version-history":[{"count":1,"href":"https:\/\/prensapresidencialvenezuela.gob.ve\/index.php\/wp-json\/wp\/v2\/posts\/21733\/revisions"}],"predecessor-version":[{"id":21739,"href":"https:\/\/prensapresidencialvenezuela.gob.ve\/index.php\/wp-json\/wp\/v2\/posts\/21733\/revisions\/21739"}],"wp:featuredmedia":[{"embeddable":true,"href":"https:\/\/prensapresidencialvenezuela.gob.ve\/index.php\/wp-json\/wp\/v2\/media\/21738"}],"wp:attachment":[{"href":"https:\/\/prensapresidencialvenezuela.gob.ve\/index.php\/wp-json\/wp\/v2\/media?parent=21733"}],"wp:term":[{"taxonomy":"category","embeddable":true,"href":"https:\/\/prensapresidencialvenezuela.gob.ve\/index.php\/wp-json\/wp\/v2\/categories?post=21733"},{"taxonomy":"post_tag","embeddable":true,"href":"https:\/\/prensapresidencialvenezuela.gob.ve\/index.php\/wp-json\/wp\/v2\/tags?post=21733"}],"curies":[{"name":"wp","href":"https:\/\/api.w.org\/{rel}","templated":true}]}}