{"id":21746,"date":"2025-07-21T22:12:23","date_gmt":"2025-07-22T02:12:23","guid":{"rendered":"https:\/\/prensapresidencialvenezuela.gob.ve\/?p=21746"},"modified":"2025-07-21T22:29:40","modified_gmt":"2025-07-22T02:29:40","slug":"gobierno-bolivariano-asegura-que-no-descansara-hasta-traer-a-casa-a-todos-los-migrantes-detenidos-ilegalmente-en-ee-uu","status":"publish","type":"post","link":"https:\/\/prensapresidencialvenezuela.gob.ve\/index.php\/2025\/07\/21\/gobierno-bolivariano-asegura-que-no-descansara-hasta-traer-a-casa-a-todos-los-migrantes-detenidos-ilegalmente-en-ee-uu\/","title":{"rendered":"Gobierno Bolivariano asegura que no descansar\u00e1 hasta traer a casa a todos los migrantes detenidos ilegalmente en EE.UU."},"content":{"rendered":"\n<p><strong>Palacio de Miraflores, Caracas.- <\/strong>El Presidente de la Rep\u00fablica Bolivariana de Venezuela, Nicol\u00e1s Maduro, durante su programa <em>Con Maduro +,<\/em> denunci\u00f3 nuevamente el \u00absecuestro serial\u00bb de venezolanos y confinamiento en \u00abcampos especiales de concentraci\u00f3n\u00bb en el extranjero, haciendo especial \u00e9nfasis en la situaci\u00f3n de ni\u00f1os y ni\u00f1as separados de sus familias.<\/p>\n\n\n\n<h2 class=\"wp-block-heading alignwide\">El Mandatario nacional resalt\u00f3 el incansable esfuerzo de su gobierno para repatriar a los connacionales, calificando la situaci\u00f3n como una \u00abinjusticia\u00bb sin precedentes en la historia del pa\u00eds.<\/h2>\n\n\n\n<p>\u00abNunca hab\u00edamos pasado por algo as\u00ed, que un grupo de venezolanos fueran secuestrados de manera serial y entregados as\u00ed en un campo de concentraci\u00f3n\u00bb, expres\u00f3 el presidente Maduro, refiri\u00e9ndose al Centro de Confinamiento del Terrorismo (CECOT), que calific\u00f3 realmente como un Centro de Contenci\u00f3n de Migrantes.<\/p>\n\n\n\n<p>En tal sentido, se\u00f1al\u00f3 que la retenci\u00f3n de menores ha sido especialmente dolorosa. \u00abTodav\u00eda tenemos 29 ni\u00f1os y ni\u00f1as. Y no hay que descansar ni un segundo porque esos 29 ni\u00f1os y ni\u00f1as que todav\u00eda est\u00e1n en los Estados Unidos (EE.UU.) separados de sus familias, los vamos a traer a Venezuela para d\u00e1rselos a sus padres, abuelas, madres, abuelos, a su familia, a todos\u00bb.<\/p>\n\n\n\n<p><strong>Labores diplom\u00e1ticas por la libertad<\/strong><\/p>\n\n\n\n<p>En relaci\u00f3n a ello, detall\u00f3 de las m\u00faltiples gestiones realizadas desde el pasado 15 de marzo, cuando se report\u00f3 el secuestro de los venezolanos. Afirm\u00f3 haber contactado al alto comisionado de derechos humanos, Volker T\u00fcrk, al secretario general de la ONU, Ant\u00f3nio Guterres, e incluso al presidente de El Salvador, Nayib Bukele, a quien acus\u00f3 de jugar al enga\u00f1o al negarse a entregar a los ciudadanos.<\/p>\n\n\n\n<blockquote class=\"wp-block-quote is-layout-flow wp-block-quote-is-layout-flow\">\n<p>\u00abVolker T\u00fcrk no hizo nada\u00bb, dijo el presidente Maduro, para luego precisar que envi\u00f3 una misiva tambi\u00e9n al \u00abpapa Le\u00f3n XIV\u00bb y agradeci\u00f3 la intervenci\u00f3n del cardenal Gregorio Ch\u00e1vez de San Salvador por defender a los j\u00f3venes.<\/p>\n<\/blockquote>\n\n\n\n<p>Asimismo, revel\u00f3 la incansable labor diplom\u00e1tica del Gobierno Bolivariano, durante las conversaciones diarias de El jefe del Comando Unificado de la Revoluci\u00f3n y jefe de la Delegaci\u00f3n Venezolana para el Di\u00e1logo y el Entendimiento, Jorge Rodr\u00edguez, con el embajador John McNamara, y el enviado especial Richard Grenell, entre otros.<\/p>\n\n\n\n<p>Estos esfuerzos dieron frutos a trav\u00e9s de la Gran Misi\u00f3n Vuelta a la Patria, coordinada por Camilla Fabri. A pesar de las sanciones internacionales, Venezuela ha logrado realizar 47 vuelos de repatriaci\u00f3n en el primer semestre de este a\u00f1o, trayendo de regreso a nacionales desde Estados Unidos a trav\u00e9s de modalidades con Honduras y Texas. En total, inform\u00f3 que se ha logrado repatriar a 8.743 migrantes.<\/p>\n\n\n\n<p><strong>Prensa Presidencial \/Iliana Rosales<\/strong><strong><\/strong><\/p>\n","protected":false},"excerpt":{"rendered":"<p>Palacio de Miraflores, Caracas.- El Presidente de la Rep\u00fablica Bolivariana de Venezuela, Nicol\u00e1s Maduro, durante su programa Con Maduro +, denunci\u00f3 nuevamente el \u00absecuestro serial\u00bb de venezolanos y confinamiento en \u00abcampos especiales de concentraci\u00f3n\u00bb en el extranjero, haciendo especial \u00e9nfasis en la situaci\u00f3n de ni\u00f1os y ni\u00f1as separados de sus familias. El Mandatario nacional resalt\u00f3 [&hellip;]<\/p>\n","protected":false},"author":1,"featured_media":21747,"comment_status":"open","ping_status":"open","sticky":false,"template":"","format":"standard","meta":{"footnotes":""},"categories":[18,7],"tags":[],"class_list":["post-21746","post","type-post","status-publish","format-standard","has-post-thumbnail","hentry","category-noticias-principales","category-notas-de-prensa"],"_links":{"self":[{"href":"https:\/\/prensapresidencialvenezuela.gob.ve\/index.php\/wp-json\/wp\/v2\/posts\/21746","targetHints":{"allow":["GET"]}}],"collection":[{"href":"https:\/\/prensapresidencialvenezuela.gob.ve\/index.php\/wp-json\/wp\/v2\/posts"}],"about":[{"href":"https:\/\/prensapresidencialvenezuela.gob.ve\/index.php\/wp-json\/wp\/v2\/types\/post"}],"author":[{"embeddable":true,"href":"https:\/\/prensapresidencialvenezuela.gob.ve\/index.php\/wp-json\/wp\/v2\/users\/1"}],"replies":[{"embeddable":true,"href":"https:\/\/prensapresidencialvenezuela.gob.ve\/index.php\/wp-json\/wp\/v2\/comments?post=21746"}],"version-history":[{"count":2,"href":"https:\/\/prensapresidencialvenezuela.gob.ve\/index.php\/wp-json\/wp\/v2\/posts\/21746\/revisions"}],"predecessor-version":[{"id":21757,"href":"https:\/\/prensapresidencialvenezuela.gob.ve\/index.php\/wp-json\/wp\/v2\/posts\/21746\/revisions\/21757"}],"wp:featuredmedia":[{"embeddable":true,"href":"https:\/\/prensapresidencialvenezuela.gob.ve\/index.php\/wp-json\/wp\/v2\/media\/21747"}],"wp:attachment":[{"href":"https:\/\/prensapresidencialvenezuela.gob.ve\/index.php\/wp-json\/wp\/v2\/media?parent=21746"}],"wp:term":[{"taxonomy":"category","embeddable":true,"href":"https:\/\/prensapresidencialvenezuela.gob.ve\/index.php\/wp-json\/wp\/v2\/categories?post=21746"},{"taxonomy":"post_tag","embeddable":true,"href":"https:\/\/prensapresidencialvenezuela.gob.ve\/index.php\/wp-json\/wp\/v2\/tags?post=21746"}],"curies":[{"name":"wp","href":"https:\/\/api.w.org\/{rel}","templated":true}]}}