{"id":21754,"date":"2025-07-21T22:36:31","date_gmt":"2025-07-22T02:36:31","guid":{"rendered":"https:\/\/prensapresidencialvenezuela.gob.ve\/?p=21754"},"modified":"2025-07-21T22:36:31","modified_gmt":"2025-07-22T02:36:31","slug":"canje-humanitario-fue-de-10-terroristas-por-252-venezolanos-inocentes","status":"publish","type":"post","link":"https:\/\/prensapresidencialvenezuela.gob.ve\/index.php\/2025\/07\/21\/canje-humanitario-fue-de-10-terroristas-por-252-venezolanos-inocentes\/","title":{"rendered":"Canje humanitario fue de 10 terroristas por 252 venezolanos inocentes"},"content":{"rendered":"\n<p><strong>Palacio de Miraflores, Caracas. &#8211; <\/strong>&nbsp;&nbsp;Junto a la delegaci\u00f3n venezolana, encargada del rescate de los venezolanos secuestrados en el Centro de Confinamiento del Terrorismo (CECOT) de El Salvador, el Presidente Nicol\u00e1s Maduro Moros pudo dar a conocer todos los detalles del canje humanitario de los 252 venezolanos rescatados el pasado viernes, durante la transmisi\u00f3n de su programa \u00abCon Maduro +\u00bb.<\/p>\n\n\n\n<p>El Jefe para el Di\u00e1logo y el Entendimiento de esta delegaci\u00f3n, Jorge Rodr\u00edguez, explic\u00f3 todos los esfuerzos diarios que se realizaron para lograr el regreso de los connacionales con sus familias.<\/p>\n\n\n\n<blockquote class=\"wp-block-quote is-layout-flow wp-block-quote-is-layout-flow\">\n<p>\u00abTodos los d\u00edas del mundo mand\u00e1bamos el listado de todos los ni\u00f1os que deben ser repatriados\u00bb.<\/p>\n<\/blockquote>\n\n\n\n<p>En este sentido, el Jefe de Estado inform\u00f3 que se entregaron \u00ab10 terroristas por 252 inocentes y no me arrepiento, si lo tuviera que hacer lo har\u00eda de nuevo con el apoyo de la justicia venezolana que fue vital e importante para que pudiera darse este canje humanitario y se liberaran estos 252 venezolanos que estaban en los campos de concentraci\u00f3n y tortura de Nayib Bukele\u00bb.<\/p>\n\n\n\n<p>El Fiscal General de la Rep\u00fablica, Tarek William Saab, en su intervenci\u00f3n agreg\u00f3 que la primera comunicaci\u00f3n emanada a la Fiscal\u00eda de El Salvador sobre este caso, fue respondida 80 d\u00edas despu\u00e9s, admitiendo los hechos; siendo una visible violaci\u00f3n de los Derechos Humanos de este grupo de venezolanos.<\/p>\n\n\n\n<p>El Presidente tambi\u00e9n record\u00f3 que el 01 de mayo, la Central de Trabajadores de Venezuela march\u00f3 pidiendo el regreso de los venezolanos secuestrados. Todo el pa\u00eds se uni\u00f3 para esta causa.<\/p>\n\n\n\n<p><strong>Prensa Presidencial\/ Claudia Guerra M\u00e9ndez<\/strong><\/p>\n","protected":false},"excerpt":{"rendered":"<p>Palacio de Miraflores, Caracas. &#8211; &nbsp;&nbsp;Junto a la delegaci\u00f3n venezolana, encargada del rescate de los venezolanos secuestrados en el Centro de Confinamiento del Terrorismo (CECOT) de El Salvador, el Presidente Nicol\u00e1s Maduro Moros pudo dar a conocer todos los detalles del canje humanitario de los 252 venezolanos rescatados el pasado viernes, durante la transmisi\u00f3n de [&hellip;]<\/p>\n","protected":false},"author":1,"featured_media":21760,"comment_status":"open","ping_status":"open","sticky":false,"template":"","format":"standard","meta":{"footnotes":""},"categories":[18,7],"tags":[],"class_list":["post-21754","post","type-post","status-publish","format-standard","has-post-thumbnail","hentry","category-noticias-principales","category-notas-de-prensa"],"_links":{"self":[{"href":"https:\/\/prensapresidencialvenezuela.gob.ve\/index.php\/wp-json\/wp\/v2\/posts\/21754","targetHints":{"allow":["GET"]}}],"collection":[{"href":"https:\/\/prensapresidencialvenezuela.gob.ve\/index.php\/wp-json\/wp\/v2\/posts"}],"about":[{"href":"https:\/\/prensapresidencialvenezuela.gob.ve\/index.php\/wp-json\/wp\/v2\/types\/post"}],"author":[{"embeddable":true,"href":"https:\/\/prensapresidencialvenezuela.gob.ve\/index.php\/wp-json\/wp\/v2\/users\/1"}],"replies":[{"embeddable":true,"href":"https:\/\/prensapresidencialvenezuela.gob.ve\/index.php\/wp-json\/wp\/v2\/comments?post=21754"}],"version-history":[{"count":1,"href":"https:\/\/prensapresidencialvenezuela.gob.ve\/index.php\/wp-json\/wp\/v2\/posts\/21754\/revisions"}],"predecessor-version":[{"id":21761,"href":"https:\/\/prensapresidencialvenezuela.gob.ve\/index.php\/wp-json\/wp\/v2\/posts\/21754\/revisions\/21761"}],"wp:featuredmedia":[{"embeddable":true,"href":"https:\/\/prensapresidencialvenezuela.gob.ve\/index.php\/wp-json\/wp\/v2\/media\/21760"}],"wp:attachment":[{"href":"https:\/\/prensapresidencialvenezuela.gob.ve\/index.php\/wp-json\/wp\/v2\/media?parent=21754"}],"wp:term":[{"taxonomy":"category","embeddable":true,"href":"https:\/\/prensapresidencialvenezuela.gob.ve\/index.php\/wp-json\/wp\/v2\/categories?post=21754"},{"taxonomy":"post_tag","embeddable":true,"href":"https:\/\/prensapresidencialvenezuela.gob.ve\/index.php\/wp-json\/wp\/v2\/tags?post=21754"}],"curies":[{"name":"wp","href":"https:\/\/api.w.org\/{rel}","templated":true}]}}