{"id":2176,"date":"2022-06-02T14:36:00","date_gmt":"2022-06-02T14:36:00","guid":{"rendered":"http:\/\/172.27.0.121\/?p=2176"},"modified":"2022-07-13T14:37:57","modified_gmt":"2022-07-13T14:37:57","slug":"presidente-maduro-denuncia-conspiraciones-para-atacar-a-venezuela","status":"publish","type":"post","link":"https:\/\/prensapresidencialvenezuela.gob.ve\/index.php\/2022\/06\/02\/presidente-maduro-denuncia-conspiraciones-para-atacar-a-venezuela\/","title":{"rendered":"Presidente Maduro denuncia conspiraciones para atacar a Venezuela"},"content":{"rendered":"\n<p><strong>Fuerte Tiuna, Caracas.-<\/strong> \u201cTenemos que afinar toda la capacidad para saber las cosas antes, porque sobre Venezuela sigue habiendo conspiraciones, lo he denunciado en las \u00faltimas semanas\u201d, as\u00ed lo detall\u00f3 el presidente de la Rep\u00fablica Bolivariana de Venezuela, Nicol\u00e1s Maduro, al ofrecer el Balance Operacional Escudo Bolivariano 2022.<\/p>\n\n\n\n<p>Desde el Comando Estrat\u00e9gico Operacional de la Fuerza Armada Nacional Bolivariana (CEOFANB), ubicado en Fuerte Tiuna, el Jefe de Estado venezolano enfatiz\u00f3 que las conspiraciones para atacar el proceso econ\u00f3mico en el pa\u00eds cada d\u00eda es m\u00e1s evidente, por parte de los grupos Terroristas Armados Narcotraficantes Colombianos (TANCOL).<\/p>\n\n\n\n<p>\u201cConspiraciones contra la industria petrolera y las refiner\u00edas, contra el servicio el\u00e9ctrico, contra la paz, la seguridad. Conspiraciones con bandas delincuenciales para atacar centros policiales y ha sucedido en algunos lugares\u201d, ratific\u00f3.<\/p>\n\n\n\n<p>Asimismo, puntualiz\u00f3 en la necesidad de afinar el an\u00e1lisis estrat\u00e9gico, t\u00e1ctico, inteligencia y contrainteligencia al detalle, para evitar que se ataquen \u201ccuarteles y centros militares del pa\u00eds, sobre todo en las fronteras\u201d.<\/p>\n\n\n\n<p>De igual modo, inform\u00f3 que la FANB ha desplegado cuatro Frentes de Operaciones Militares, con un territorio amplio desde el punto de vista estrat\u00e9gico, a saber:<\/p>\n\n\n\n<ol class=\"wp-block-list\"><li>La Operaci\u00f3n \u201cVuelvan Caras\u201d, para la liberaci\u00f3n de los estados Apure, Barinas, Cojedes y Gu\u00e1rico de grupos TANCOL. Para ello las operaciones se han concentrado fundamentalmente en las fronteras con el Arauca, \u201cpero estamos a nivel de inteligencia y contrainteligencia, movimientos militares y policiales en todo el territorio\u201d.<\/li><li>La Operaci\u00f3n \u201cCacique Murachi\u201d; desplegada en el estado T\u00e1chira para la protecci\u00f3n de la frontera y municipios fronterizos y contener el intento de infiltraci\u00f3n de grupos paramilitares \u201centrenados, armados y financiados por el gobierno colombiano\u201d.<\/li><li>La Operaci\u00f3n \u201cRel\u00e1mpago del Catatumbo\u201d; segundo frente m\u00e1s avanzado para liberar el estado Zulia \u201cde esta amenaza paramilitar que viene de Colombia\u201d. Esta Operaci\u00f3n ha eliminado 46 pistas entre Zulia y Falc\u00f3n en un mes.<\/li><li>La Operaci\u00f3n \u201cCacique Manaure\u201d; desplegada en el estado Falc\u00f3n.<\/li><\/ol>\n\n\n\n<p>Al respecto, orden\u00f3 a Domingo Hern\u00e1ndez L\u00e1rez, comandante general del CEOFANB, \u201cponer en actividad las operaciones militares especiales en el Oriente del pa\u00eds, para proteger todas las costas y todo el territorio de Anzo\u00e1tegui, Sucre, Delta Amacuro y Monagas. Una operaci\u00f3n militar de las mismas caracter\u00edsticas y profundidad de las que hemos hechos en Apure, Zulia, T\u00e1chira y Falc\u00f3n (\u2026). Vamos por todos los grupos armados\u201d.<\/p>\n\n\n\n<p><strong>&nbsp;Prensa Presidencial\/Joelin Jim\u00e9nez<\/strong><\/p>\n","protected":false},"excerpt":{"rendered":"<p>Fuerte Tiuna, Caracas.- \u201cTenemos que afinar toda la capacidad para saber las cosas antes, porque sobre Venezuela sigue habiendo conspiraciones, lo he denunciado en las \u00faltimas semanas\u201d, as\u00ed lo detall\u00f3 el presidente de la Rep\u00fablica Bolivariana de Venezuela, Nicol\u00e1s Maduro, al ofrecer el Balance Operacional Escudo Bolivariano 2022. Desde el Comando Estrat\u00e9gico Operacional de la [&hellip;]<\/p>\n","protected":false},"author":6,"featured_media":2177,"comment_status":"open","ping_status":"open","sticky":false,"template":"","format":"standard","meta":{"footnotes":""},"categories":[7],"tags":[],"class_list":["post-2176","post","type-post","status-publish","format-standard","has-post-thumbnail","hentry","category-notas-de-prensa"],"_links":{"self":[{"href":"https:\/\/prensapresidencialvenezuela.gob.ve\/index.php\/wp-json\/wp\/v2\/posts\/2176","targetHints":{"allow":["GET"]}}],"collection":[{"href":"https:\/\/prensapresidencialvenezuela.gob.ve\/index.php\/wp-json\/wp\/v2\/posts"}],"about":[{"href":"https:\/\/prensapresidencialvenezuela.gob.ve\/index.php\/wp-json\/wp\/v2\/types\/post"}],"author":[{"embeddable":true,"href":"https:\/\/prensapresidencialvenezuela.gob.ve\/index.php\/wp-json\/wp\/v2\/users\/6"}],"replies":[{"embeddable":true,"href":"https:\/\/prensapresidencialvenezuela.gob.ve\/index.php\/wp-json\/wp\/v2\/comments?post=2176"}],"version-history":[{"count":1,"href":"https:\/\/prensapresidencialvenezuela.gob.ve\/index.php\/wp-json\/wp\/v2\/posts\/2176\/revisions"}],"predecessor-version":[{"id":2178,"href":"https:\/\/prensapresidencialvenezuela.gob.ve\/index.php\/wp-json\/wp\/v2\/posts\/2176\/revisions\/2178"}],"wp:featuredmedia":[{"embeddable":true,"href":"https:\/\/prensapresidencialvenezuela.gob.ve\/index.php\/wp-json\/wp\/v2\/media\/2177"}],"wp:attachment":[{"href":"https:\/\/prensapresidencialvenezuela.gob.ve\/index.php\/wp-json\/wp\/v2\/media?parent=2176"}],"wp:term":[{"taxonomy":"category","embeddable":true,"href":"https:\/\/prensapresidencialvenezuela.gob.ve\/index.php\/wp-json\/wp\/v2\/categories?post=2176"},{"taxonomy":"post_tag","embeddable":true,"href":"https:\/\/prensapresidencialvenezuela.gob.ve\/index.php\/wp-json\/wp\/v2\/tags?post=2176"}],"curies":[{"name":"wp","href":"https:\/\/api.w.org\/{rel}","templated":true}]}}