{"id":21762,"date":"2025-07-21T22:47:19","date_gmt":"2025-07-22T02:47:19","guid":{"rendered":"https:\/\/prensapresidencialvenezuela.gob.ve\/?p=21762"},"modified":"2025-07-21T22:47:19","modified_gmt":"2025-07-22T02:47:19","slug":"gran-mision-vuelta-a-la-patria-refuerza-el-apoyo-psicologico-para-migrantes-repatriados","status":"publish","type":"post","link":"https:\/\/prensapresidencialvenezuela.gob.ve\/index.php\/2025\/07\/21\/gran-mision-vuelta-a-la-patria-refuerza-el-apoyo-psicologico-para-migrantes-repatriados\/","title":{"rendered":"Gran Misi\u00f3n Vuelta a la Patria refuerza el apoyo psicol\u00f3gico para migrantes repatriados"},"content":{"rendered":"\n<p><strong>Palacio de Miraflores, Caracas.-<\/strong> El presidente de la Rep\u00fablica Bolivariana de Venezuela, Nicol\u00e1s Maduro, anunci\u00f3 la profundizaci\u00f3n de la atenci\u00f3n psicol\u00f3gica para los venezolanos que regresan al pa\u00eds a trav\u00e9s de la Gran Misi\u00f3n Vuelta a la Patria, reconociendo las \u00abheridas en el alma\u00bb que muchos traen consigo.<\/p>\n\n\n\n<p>Durante el programa n\u00famero 84 de su programa semanal Con Maduro +, el&nbsp; Mandatario Nacional hizo este llamado no sin antes manifestar la satisfacci\u00f3n mundial que ha generado el logro de Venezuela al rescatar a los 252 connacionales retenidos del Centro de Confinamiento del Terrorismo (CECOT) y siete de los 36 ni\u00f1os que fueron separados de sus progenitores durante operativos del Servicio de Inmigraci\u00f3n y Control de Aduanas de Estados Unidos (ICE, por sus siglas en ingl\u00e9s).<\/p>\n\n\n\n<figure class=\"wp-block-image size-large\"><img fetchpriority=\"high\" decoding=\"async\" width=\"682\" height=\"1024\" src=\"https:\/\/prensapresidencialvenezuela.gob.ve\/wp-content\/uploads\/2025\/07\/10_JZ__5714_P-682x1024.jpg\" alt=\"\" class=\"wp-image-21765\" srcset=\"https:\/\/prensapresidencialvenezuela.gob.ve\/wp-content\/uploads\/2025\/07\/10_JZ__5714_P-682x1024.jpg 682w, https:\/\/prensapresidencialvenezuela.gob.ve\/wp-content\/uploads\/2025\/07\/10_JZ__5714_P-200x300.jpg 200w, https:\/\/prensapresidencialvenezuela.gob.ve\/wp-content\/uploads\/2025\/07\/10_JZ__5714_P-768x1152.jpg 768w, https:\/\/prensapresidencialvenezuela.gob.ve\/wp-content\/uploads\/2025\/07\/10_JZ__5714_P-1024x1536.jpg 1024w, https:\/\/prensapresidencialvenezuela.gob.ve\/wp-content\/uploads\/2025\/07\/10_JZ__5714_P.jpg 1333w\" sizes=\"(max-width: 682px) 100vw, 682px\" \/><\/figure>\n\n\n\n<h4 class=\"wp-block-heading alignwide\">\u00abLa gran misi\u00f3n Vuelta a la Patria tiene que tomar en cuenta ayuda psicol\u00f3gica para todos los que regresen\u00bb, enfatiz\u00f3 el presidente Maduro, para luego explicar que la misi\u00f3n ya brinda apoyo econ\u00f3mico, social, humano y familiar, y ahora se enfocar\u00e1 en la salud mental de los repatriados. Hasta el momento, 8.743 venezolanos han regresado en 47 vuelos, incluyendo 6.117 hombres, 1.444 mujeres, 623 ni\u00f1os, 559 ni\u00f1as y 52 mujeres embarazadas en el primer semestre del a\u00f1o.<\/h4>\n\n\n\n<p>Madeleine Garc\u00eda, periodista de Telesur, quien ha conversado con los repatriados, subray\u00f3 la urgencia de esta medida: \u00abHay heridas en el alma. Hay muchas heridas. Est\u00e1n psicol\u00f3gicamente muy afectados\u00bb. &nbsp;Refiri\u00f3 que los venezolanos en el extranjero han vivido experiencias traum\u00e1ticas, entre ellas, maltrato, tortura y humillaci\u00f3n en los centros de detenci\u00f3n, con el objetivo de \u00abponerlos sumisos en el piso, arrodillarlos, aplastarlos\u00bb.<\/p>\n\n\n\n<p>A pesar de las adversidades, indic\u00f3 que los repatriados mostraron una asombrosa capacidad de resistencia. Garc\u00eda relat\u00f3 c\u00f3mo los detenidos en El Salvador, por ejemplo, utilizaron lo que ten\u00edan a mano para defenderse de los abusos de sus custodios.<\/p>\n\n\n\n<p>Coment\u00f3 que uno de los casos emblem\u00e1ticos entre los detenidos, es el del estilista Andry Hern\u00e1ndez, originario del estado T\u00e1chira, quien, como muchos otros, \u00abse siente utilizado\u00bb y cree que su detenci\u00f3n form\u00f3 parte de un \u00abplan de rehenes\u00bb.<\/p>\n\n\n\n<h2 class=\"wp-block-heading\"><strong>Migrar no es un delito<\/strong><\/h2>\n\n\n\n<p>El presidente Maduro reafirm\u00f3 que \u00abla migraci\u00f3n es un derecho humano\u00bb, amparado en las convenciones internacionales de derechos humanos de la ONU. Resalt\u00f3 la historia milenaria de la migraci\u00f3n humana y la calidad de la migraci\u00f3n venezolana.<\/p>\n\n\n\n<blockquote class=\"wp-block-quote is-layout-flow wp-block-quote-is-layout-flow\">\n<p>\u00abLa migraci\u00f3n venezolana es de calidad. Cuando llega un migrante, a m\u00ed me lo cuentan los muchachos, llega y necesitan un trabajador de algo, X, o un profesional, el venezolano tiene una calidad, una preparaci\u00f3n especial, as\u00ed como tambi\u00e9n tenemos una preparaci\u00f3n espiritual\u00bb, expres\u00f3 el mandatario.<\/p>\n<\/blockquote>\n\n\n\n<p>El gobierno venezolano busca asegurar que, adem\u00e1s del apoyo material, los repatriados reciban la atenci\u00f3n necesaria para sanar las heridas emocionales y psicol\u00f3gicas, facilitando as\u00ed su plena reintegraci\u00f3n a la sociedad venezolana.<\/p>\n\n\n\n<p><strong>Prensa Presidencial \/ Iliana Rosales<\/strong><\/p>\n","protected":false},"excerpt":{"rendered":"<p>Palacio de Miraflores, Caracas.- El presidente de la Rep\u00fablica Bolivariana de Venezuela, Nicol\u00e1s Maduro, anunci\u00f3 la profundizaci\u00f3n de la atenci\u00f3n psicol\u00f3gica para los venezolanos que regresan al pa\u00eds a trav\u00e9s de la Gran Misi\u00f3n Vuelta a la Patria, reconociendo las \u00abheridas en el alma\u00bb que muchos traen consigo. Durante el programa n\u00famero 84 de su [&hellip;]<\/p>\n","protected":false},"author":1,"featured_media":21764,"comment_status":"open","ping_status":"open","sticky":false,"template":"","format":"standard","meta":{"footnotes":""},"categories":[18,7],"tags":[],"class_list":["post-21762","post","type-post","status-publish","format-standard","has-post-thumbnail","hentry","category-noticias-principales","category-notas-de-prensa"],"_links":{"self":[{"href":"https:\/\/prensapresidencialvenezuela.gob.ve\/index.php\/wp-json\/wp\/v2\/posts\/21762","targetHints":{"allow":["GET"]}}],"collection":[{"href":"https:\/\/prensapresidencialvenezuela.gob.ve\/index.php\/wp-json\/wp\/v2\/posts"}],"about":[{"href":"https:\/\/prensapresidencialvenezuela.gob.ve\/index.php\/wp-json\/wp\/v2\/types\/post"}],"author":[{"embeddable":true,"href":"https:\/\/prensapresidencialvenezuela.gob.ve\/index.php\/wp-json\/wp\/v2\/users\/1"}],"replies":[{"embeddable":true,"href":"https:\/\/prensapresidencialvenezuela.gob.ve\/index.php\/wp-json\/wp\/v2\/comments?post=21762"}],"version-history":[{"count":1,"href":"https:\/\/prensapresidencialvenezuela.gob.ve\/index.php\/wp-json\/wp\/v2\/posts\/21762\/revisions"}],"predecessor-version":[{"id":21766,"href":"https:\/\/prensapresidencialvenezuela.gob.ve\/index.php\/wp-json\/wp\/v2\/posts\/21762\/revisions\/21766"}],"wp:featuredmedia":[{"embeddable":true,"href":"https:\/\/prensapresidencialvenezuela.gob.ve\/index.php\/wp-json\/wp\/v2\/media\/21764"}],"wp:attachment":[{"href":"https:\/\/prensapresidencialvenezuela.gob.ve\/index.php\/wp-json\/wp\/v2\/media?parent=21762"}],"wp:term":[{"taxonomy":"category","embeddable":true,"href":"https:\/\/prensapresidencialvenezuela.gob.ve\/index.php\/wp-json\/wp\/v2\/categories?post=21762"},{"taxonomy":"post_tag","embeddable":true,"href":"https:\/\/prensapresidencialvenezuela.gob.ve\/index.php\/wp-json\/wp\/v2\/tags?post=21762"}],"curies":[{"name":"wp","href":"https:\/\/api.w.org\/{rel}","templated":true}]}}