{"id":21768,"date":"2025-07-21T23:24:12","date_gmt":"2025-07-22T03:24:12","guid":{"rendered":"https:\/\/prensapresidencialvenezuela.gob.ve\/?p=21768"},"modified":"2025-07-21T23:24:12","modified_gmt":"2025-07-22T03:24:12","slug":"jefe-de-estado-invita-al-pueblo-venezolano-a-participar-en-los-proximos-comicios-municipales","status":"publish","type":"post","link":"https:\/\/prensapresidencialvenezuela.gob.ve\/index.php\/2025\/07\/21\/jefe-de-estado-invita-al-pueblo-venezolano-a-participar-en-los-proximos-comicios-municipales\/","title":{"rendered":"Jefe de Estado invita al pueblo venezolano a participar en los pr\u00f3ximos comicios municipales"},"content":{"rendered":"\n<p><strong>Palacio de Miraflores, Caracas. \u2013 <\/strong>Este lunes, el presidente de la Rep\u00fablica Bolivariana de Venezuela, Nicol\u00e1s Maduro Moros, hizo un llamado a toda la familia venezolana a ejercer su derecho al voto el pr\u00f3ximo domingo 27 de julio, fecha en la que se celebrar\u00e1n los comicios municipales.<\/p>\n\n\n\n<p>Asimismo, acot\u00f3 que en esta fiesta electoral tambi\u00e9n se efectuar\u00e1 la elecci\u00f3n de los concejos municipales, y la primera consulta de los proyectos de la juventud que se realizar\u00e1 en m\u00e1s de 5 mil circuitos comunales del pa\u00eds.&nbsp;<\/p>\n\n\n\n<p>En este sentido, es importante acotar que cada circuito cuenta con 7 proyectos propuestos por la juventud en el territorio, la comunidad y los barrios; por lo que subray\u00f3 que con esto en Venezuela \u00abse est\u00e1 haciendo la nueva historia\u00bb.<\/p>\n\n\n\n<p>Aunado a ello, jefe de Estado resalt\u00f3 que \u00abel domingo ser\u00e1 una jornada de paz, bonita, de participaci\u00f3n y de victoria para la democracia venezolana\u00bb, que se consolidad una vez m\u00e1s con esta elecci\u00f3n n\u00famero 33, en estos 26 a\u00f1os.<\/p>\n\n\n\n<p>En este orden de ideas, el jefe del Comando Unificado de la Revoluci\u00f3n Bolivariana Ven 25+, Jorge Rodr\u00edguez, a\u00f1adi\u00f3 que, en este proceso de campa\u00f1a, la sabidur\u00eda que ha tenido el pueblo para postular a cada uno de los candidatos, es una muestra del equilibrio que hay en la juventud, la fuerza y la participaci\u00f3n comunal.<\/p>\n\n\n\n<p>Mientras que la actual alcaldesa de Caracas, Carmen Mel\u00e9ndez, y repostulada por el pueblo caraque\u00f1o, destac\u00f3 que la juventud est\u00e1 muy contenta, porque \u00abesta campa\u00f1a in\u00e9dita no se ve en ning\u00fan pa\u00eds del mundo\u00bb, porque aqu\u00ed si tiene el poder de decidir por sus proyectos, en sus territorios.&nbsp;<\/p>\n\n\n\n<p>\u00abNuestras comunas y circuitos comunales est\u00e1n empoderados, desarrollando sus proyectos y nosotros estamos acompa\u00f1\u00e1ndolos en cada proceso\u00bb, precis\u00f3 Mel\u00e9ndez.&nbsp;<\/p>\n\n\n\n<p><strong>Democracia participativa y protag\u00f3nica<\/strong><\/p>\n\n\n\n<p>En contexto, Katiuska Homsi, candidata por el Gran Polo Patri\u00f3tico \u00abSim\u00f3n Bol\u00edvar\u00bb (GPPSB), en el municipio Lecher\u00eda, estado Anzo\u00e1tegui, dijo que en dicha entidad se contribuye a la construcci\u00f3n de esta gran ciudad y la receptividad del pueblo anzoatiguense, porque su Plan de Gobierno se ha dise\u00f1ado para gerenciar y aportar a las necesidades del pueblo.<\/p>\n\n\n\n<p>Por su parte, Dina Castillo, candidata por Valencia, se\u00f1al\u00f3 que la localidad valenciana cuenta con 48 circuitos comunales, por lo que, siguiendo las instrucciones del Mandatario Nacional, se ha aplicado de manera constante el lema y acci\u00f3n de \u00abmenos escritorio, m\u00e1s territorio\u00bb, con el objetivo de potenciar su capacidad industrial y tur\u00edstica.<\/p>\n\n\n\n<p>Sugei Herrera, alcaldesa de Barcelona, y nuevamente postulada por el pueblo para la reelecci\u00f3n, destac\u00f3 que su gobierno ha salido a desarrollar las Agendas Concretas de Acci\u00f3n (ACA), uno de los logros a mostrar junto a los consejos comunales y comunas de la localidad, ya que m\u00e1s de 2 mil 500 ACA se han efectuado junto al Poder Popular, en el territorio.<\/p>\n\n\n\n<p>Para finalizar, el Dignatario venezolano acentu\u00f3 que la democracia directa es la democracia local, por ser, una democracia participativa y protag\u00f3nica, debido a que \u00abla soberan\u00eda del pueblo es intransferible\u00bb.<\/p>\n\n\n\n<p><strong>Prensa Presidencial\/ Irmary D\u00edaz&nbsp;<\/strong><\/p>\n","protected":false},"excerpt":{"rendered":"<p>Palacio de Miraflores, Caracas. \u2013 Este lunes, el presidente de la Rep\u00fablica Bolivariana de Venezuela, Nicol\u00e1s Maduro Moros, hizo un llamado a toda la familia venezolana a ejercer su derecho al voto el pr\u00f3ximo domingo 27 de julio, fecha en la que se celebrar\u00e1n los comicios municipales. Asimismo, acot\u00f3 que en esta fiesta electoral tambi\u00e9n [&hellip;]<\/p>\n","protected":false},"author":1,"featured_media":21769,"comment_status":"open","ping_status":"open","sticky":false,"template":"","format":"standard","meta":{"footnotes":""},"categories":[18,7],"tags":[],"class_list":["post-21768","post","type-post","status-publish","format-standard","has-post-thumbnail","hentry","category-noticias-principales","category-notas-de-prensa"],"_links":{"self":[{"href":"https:\/\/prensapresidencialvenezuela.gob.ve\/index.php\/wp-json\/wp\/v2\/posts\/21768","targetHints":{"allow":["GET"]}}],"collection":[{"href":"https:\/\/prensapresidencialvenezuela.gob.ve\/index.php\/wp-json\/wp\/v2\/posts"}],"about":[{"href":"https:\/\/prensapresidencialvenezuela.gob.ve\/index.php\/wp-json\/wp\/v2\/types\/post"}],"author":[{"embeddable":true,"href":"https:\/\/prensapresidencialvenezuela.gob.ve\/index.php\/wp-json\/wp\/v2\/users\/1"}],"replies":[{"embeddable":true,"href":"https:\/\/prensapresidencialvenezuela.gob.ve\/index.php\/wp-json\/wp\/v2\/comments?post=21768"}],"version-history":[{"count":1,"href":"https:\/\/prensapresidencialvenezuela.gob.ve\/index.php\/wp-json\/wp\/v2\/posts\/21768\/revisions"}],"predecessor-version":[{"id":21770,"href":"https:\/\/prensapresidencialvenezuela.gob.ve\/index.php\/wp-json\/wp\/v2\/posts\/21768\/revisions\/21770"}],"wp:featuredmedia":[{"embeddable":true,"href":"https:\/\/prensapresidencialvenezuela.gob.ve\/index.php\/wp-json\/wp\/v2\/media\/21769"}],"wp:attachment":[{"href":"https:\/\/prensapresidencialvenezuela.gob.ve\/index.php\/wp-json\/wp\/v2\/media?parent=21768"}],"wp:term":[{"taxonomy":"category","embeddable":true,"href":"https:\/\/prensapresidencialvenezuela.gob.ve\/index.php\/wp-json\/wp\/v2\/categories?post=21768"},{"taxonomy":"post_tag","embeddable":true,"href":"https:\/\/prensapresidencialvenezuela.gob.ve\/index.php\/wp-json\/wp\/v2\/tags?post=21768"}],"curies":[{"name":"wp","href":"https:\/\/api.w.org\/{rel}","templated":true}]}}