{"id":21771,"date":"2025-07-23T18:45:27","date_gmt":"2025-07-23T22:45:27","guid":{"rendered":"https:\/\/prensapresidencialvenezuela.gob.ve\/?p=21771"},"modified":"2025-07-23T18:45:28","modified_gmt":"2025-07-23T22:45:28","slug":"gobierno-bolivariano-robustece-la-atencion-social-y-de-calidad-en-el-estado-carabobo","status":"publish","type":"post","link":"https:\/\/prensapresidencialvenezuela.gob.ve\/index.php\/2025\/07\/23\/gobierno-bolivariano-robustece-la-atencion-social-y-de-calidad-en-el-estado-carabobo\/","title":{"rendered":"Gobierno Bolivariano robustece la atenci\u00f3n social y de calidad en el estado Carabobo"},"content":{"rendered":"\n<h2 class=\"wp-block-heading\"><em><strong>Esto mediante el impulso de los proyectos propuestos en la segunda Consulta Popular, para la rehabilitaci\u00f3n e inauguraci\u00f3n de centros de atenci\u00f3n de salud, Plan Bodega y plantas potabilizadoras<\/strong><\/em><\/h2>\n\n\n\n<p><strong>Carabobo, municipio Puerto Cabello.-<\/strong> Con el objetivo de continuar fortaleciendo las pol\u00edticas p\u00fablicas del Estado, mediante los servicios de salud primaria gratuita y alimentaci\u00f3n, el presidente de la Rep\u00fablica Bolivariana de Venezuela, Nicol\u00e1s Maduro Moros, reinaugura este mi\u00e9rcoles, el <strong>Consultorio Popular Tipo II<\/strong> Bartolom\u00e9 Salom, en la parroquia Juan Jos\u00e9 Flores, del circuito 9.<\/p>\n\n\n\n<figure class=\"wp-block-image size-large\"><img fetchpriority=\"high\" decoding=\"async\" width=\"1024\" height=\"775\" src=\"https:\/\/prensapresidencialvenezuela.gob.ve\/wp-content\/uploads\/2025\/07\/04EG_L5488_P-1024x775.jpg\" alt=\"\" class=\"wp-image-21779\" srcset=\"https:\/\/prensapresidencialvenezuela.gob.ve\/wp-content\/uploads\/2025\/07\/04EG_L5488_P-1024x775.jpg 1024w, https:\/\/prensapresidencialvenezuela.gob.ve\/wp-content\/uploads\/2025\/07\/04EG_L5488_P-300x227.jpg 300w, https:\/\/prensapresidencialvenezuela.gob.ve\/wp-content\/uploads\/2025\/07\/04EG_L5488_P-768x581.jpg 768w, https:\/\/prensapresidencialvenezuela.gob.ve\/wp-content\/uploads\/2025\/07\/04EG_L5488_P-1536x1162.jpg 1536w, https:\/\/prensapresidencialvenezuela.gob.ve\/wp-content\/uploads\/2025\/07\/04EG_L5488_P-2048x1549.jpg 2048w\" sizes=\"(max-width: 1024px) 100vw, 1024px\" \/><\/figure>\n\n\n\n<p>Este centro de atenci\u00f3n primaria se reapertura a ra\u00edz de la segunda Consulta Popular en la que se plante\u00f3 este proyecto, que contar\u00e1 con un <strong>\u00e1rea de consulta general e inmunizaci\u00f3n<\/strong>, tres (3) m\u00e9dicos y una enfermera, que prev\u00e9n atender a veinte (20) pacientes diarios.<\/p>\n\n\n\n<p>Durante la actividad, el Jefe de Estado tambi\u00e9n inaugur\u00f3 una <strong>bodega comunal<\/strong>, con el nombre de \u00abDo\u00f1a Carmen\u00bb, gracias a la gesti\u00f3n que se ha realizado a trav\u00e9s del Ministerio del Poder Popular para de Comercio Nacional, y a los cr\u00e9ditos entregados mediante el Banco Digital de Trabajadores, para el impulso del Plan Bodega.<\/p>\n\n\n\n<figure class=\"wp-block-image size-large\"><img decoding=\"async\" width=\"1024\" height=\"707\" src=\"https:\/\/prensapresidencialvenezuela.gob.ve\/wp-content\/uploads\/2025\/07\/10EG__7309_P-1024x707.jpg\" alt=\"\" class=\"wp-image-21781\" srcset=\"https:\/\/prensapresidencialvenezuela.gob.ve\/wp-content\/uploads\/2025\/07\/10EG__7309_P-1024x707.jpg 1024w, https:\/\/prensapresidencialvenezuela.gob.ve\/wp-content\/uploads\/2025\/07\/10EG__7309_P-300x207.jpg 300w, https:\/\/prensapresidencialvenezuela.gob.ve\/wp-content\/uploads\/2025\/07\/10EG__7309_P-768x530.jpg 768w, https:\/\/prensapresidencialvenezuela.gob.ve\/wp-content\/uploads\/2025\/07\/10EG__7309_P-1536x1060.jpg 1536w, https:\/\/prensapresidencialvenezuela.gob.ve\/wp-content\/uploads\/2025\/07\/10EG__7309_P-2048x1413.jpg 2048w\" sizes=\"(max-width: 1024px) 100vw, 1024px\" \/><\/figure>\n\n\n\n<p>En contexto, el <strong>Plan Bodega y los Consultorios Populares<\/strong> son estrategias implementadas por el Gobierno venezolano para mejorar la calidad de vida de la poblaci\u00f3n. El Plan Bodega busca garantizar el acceso a alimentos a precios justos, a trav\u00e9s de redes de distribuci\u00f3n comunitaria, mientras que los Consultorios Populares ofrecen servicios de salud primaria gratuitos y accesibles en las comunidades m\u00e1s aleda\u00f1as y de bajos recursos.<\/p>\n\n\n\n<p>En esta l\u00ednea, es de inter\u00e9s acotar que mediante el Plan Bodega se ha atendido a 4020 bodegas en 13 estados del pa\u00eds; con una poblaci\u00f3n beneficiada de 3 172 comunidades, equivalente a m\u00e1s de un mill\u00f3n 600 mil familias.<\/p>\n\n\n\n<p>Por otra parte, este sector cuenta con ocho (8) consejos comunales, en la Comuna Socialista Bartolom\u00e9 Salom, los cuales son:<\/p>\n\n\n\n<p>Consejo Comunal:<\/p>\n\n\n\n<div class=\"wp-block-group is-vertical is-layout-flex wp-container-core-group-is-layout-8cf370e7 wp-block-group-is-layout-flex\">\n<ul class=\"wp-block-list\">\n<li> El Milagro<\/li>\n\n\n\n<li> El Milagrito<\/li>\n\n\n\n<li> Puerto Dorado<\/li>\n\n\n\n<li> La Belisa<\/li>\n\n\n\n<li> Bartolom\u00e9 Salom I<\/li>\n\n\n\n<li> Bartolom\u00e9 Salom II<\/li>\n\n\n\n<li> Bartolom\u00e9 Salom III<\/li>\n\n\n\n<li> Urbanismo Libertadores<\/li>\n<\/ul>\n<\/div>\n\n\n\n<figure class=\"wp-block-image size-large\"><img decoding=\"async\" width=\"1024\" height=\"750\" src=\"https:\/\/prensapresidencialvenezuela.gob.ve\/wp-content\/uploads\/2025\/07\/16EG__7364_P-1-1024x750.jpg\" alt=\"\" class=\"wp-image-21783\" srcset=\"https:\/\/prensapresidencialvenezuela.gob.ve\/wp-content\/uploads\/2025\/07\/16EG__7364_P-1-1024x750.jpg 1024w, https:\/\/prensapresidencialvenezuela.gob.ve\/wp-content\/uploads\/2025\/07\/16EG__7364_P-1-300x220.jpg 300w, https:\/\/prensapresidencialvenezuela.gob.ve\/wp-content\/uploads\/2025\/07\/16EG__7364_P-1-768x562.jpg 768w, https:\/\/prensapresidencialvenezuela.gob.ve\/wp-content\/uploads\/2025\/07\/16EG__7364_P-1-1536x1125.jpg 1536w, https:\/\/prensapresidencialvenezuela.gob.ve\/wp-content\/uploads\/2025\/07\/16EG__7364_P-1-2048x1500.jpg 2048w\" sizes=\"(max-width: 1024px) 100vw, 1024px\" \/><\/figure>\n\n\n\n<p>Aunado a ello, el Dignatario venezolano entregar\u00e1 una <strong>Planta Potabilizadora,<\/strong> que es la primera instalada en la comunidad por orden presidencial, de 20 que se dispondr\u00e1n a trav\u00e9s del Consejo Federal de Gobierno, para la distribuci\u00f3n de 14 mil litros de agua al mes, y de esta manera abastecer agua potable a sus habitantes.<\/p>\n\n\n\n<p>Las potabilizadoras de agua se han instalado hasta el momento en seis (6) estados del territorio nacional, como: Caracas, La Guaira, Miranda, Zulia, Monagas y Carabobo, con un total de 28 desalinizadoras, en 42 comunidades, para una suma de 42 840 familias favorecidas.<\/p>\n\n\n\n<figure class=\"wp-block-image size-large\"><img loading=\"lazy\" decoding=\"async\" width=\"1024\" height=\"693\" src=\"https:\/\/prensapresidencialvenezuela.gob.ve\/wp-content\/uploads\/2025\/07\/05EG_L5517_P-1024x693.jpg\" alt=\"\" class=\"wp-image-21784\" srcset=\"https:\/\/prensapresidencialvenezuela.gob.ve\/wp-content\/uploads\/2025\/07\/05EG_L5517_P-1024x693.jpg 1024w, https:\/\/prensapresidencialvenezuela.gob.ve\/wp-content\/uploads\/2025\/07\/05EG_L5517_P-300x203.jpg 300w, https:\/\/prensapresidencialvenezuela.gob.ve\/wp-content\/uploads\/2025\/07\/05EG_L5517_P-768x520.jpg 768w, https:\/\/prensapresidencialvenezuela.gob.ve\/wp-content\/uploads\/2025\/07\/05EG_L5517_P-1536x1040.jpg 1536w, https:\/\/prensapresidencialvenezuela.gob.ve\/wp-content\/uploads\/2025\/07\/05EG_L5517_P-2048x1386.jpg 2048w\" sizes=\"(max-width: 1024px) 100vw, 1024px\" \/><\/figure>\n\n\n\n<p>Por \u00faltimo, <strong>se inaugurar\u00e1 una carpinter\u00eda<\/strong> que forma parte de un modelo de organizaci\u00f3n comunal y colectiva, donde los recursos y el trabajo son compartidos para un beneficio com\u00fan; atendiendo a las realidades ecol\u00f3gicas, geogr\u00e1ficas, poblacionales, sociales, culturales y de salud.<\/p>\n\n\n\n<p><strong>Prensa Presidencial\/ Irmary D\u00edaz<\/strong><\/p>\n\n\n\n<p><\/p>\n","protected":false},"excerpt":{"rendered":"<p>Esto mediante el impulso de los proyectos propuestos en la segunda Consulta Popular, para la rehabilitaci\u00f3n e inauguraci\u00f3n de centros de atenci\u00f3n de salud, Plan Bodega y plantas potabilizadoras Carabobo, municipio Puerto Cabello.- Con el objetivo de continuar fortaleciendo las pol\u00edticas p\u00fablicas del Estado, mediante los servicios de salud primaria gratuita y alimentaci\u00f3n, el presidente [&hellip;]<\/p>\n","protected":false},"author":1,"featured_media":21787,"comment_status":"open","ping_status":"open","sticky":false,"template":"","format":"standard","meta":{"footnotes":""},"categories":[18,7],"tags":[584,19,27,20],"class_list":["post-21771","post","type-post","status-publish","format-standard","has-post-thumbnail","hentry","category-noticias-principales","category-notas-de-prensa","tag-carabobo","tag-nicolas-maduro","tag-revolucion-bolivariana","tag-venezuela"],"_links":{"self":[{"href":"https:\/\/prensapresidencialvenezuela.gob.ve\/index.php\/wp-json\/wp\/v2\/posts\/21771","targetHints":{"allow":["GET"]}}],"collection":[{"href":"https:\/\/prensapresidencialvenezuela.gob.ve\/index.php\/wp-json\/wp\/v2\/posts"}],"about":[{"href":"https:\/\/prensapresidencialvenezuela.gob.ve\/index.php\/wp-json\/wp\/v2\/types\/post"}],"author":[{"embeddable":true,"href":"https:\/\/prensapresidencialvenezuela.gob.ve\/index.php\/wp-json\/wp\/v2\/users\/1"}],"replies":[{"embeddable":true,"href":"https:\/\/prensapresidencialvenezuela.gob.ve\/index.php\/wp-json\/wp\/v2\/comments?post=21771"}],"version-history":[{"count":5,"href":"https:\/\/prensapresidencialvenezuela.gob.ve\/index.php\/wp-json\/wp\/v2\/posts\/21771\/revisions"}],"predecessor-version":[{"id":21786,"href":"https:\/\/prensapresidencialvenezuela.gob.ve\/index.php\/wp-json\/wp\/v2\/posts\/21771\/revisions\/21786"}],"wp:featuredmedia":[{"embeddable":true,"href":"https:\/\/prensapresidencialvenezuela.gob.ve\/index.php\/wp-json\/wp\/v2\/media\/21787"}],"wp:attachment":[{"href":"https:\/\/prensapresidencialvenezuela.gob.ve\/index.php\/wp-json\/wp\/v2\/media?parent=21771"}],"wp:term":[{"taxonomy":"category","embeddable":true,"href":"https:\/\/prensapresidencialvenezuela.gob.ve\/index.php\/wp-json\/wp\/v2\/categories?post=21771"},{"taxonomy":"post_tag","embeddable":true,"href":"https:\/\/prensapresidencialvenezuela.gob.ve\/index.php\/wp-json\/wp\/v2\/tags?post=21771"}],"curies":[{"name":"wp","href":"https:\/\/api.w.org\/{rel}","templated":true}]}}