{"id":21788,"date":"2025-07-23T19:31:03","date_gmt":"2025-07-23T23:31:03","guid":{"rendered":"https:\/\/prensapresidencialvenezuela.gob.ve\/?p=21788"},"modified":"2025-07-23T20:09:46","modified_gmt":"2025-07-24T00:09:46","slug":"carabobo-activa-unidades-populares-de-gestion-de-riesgo-con-pluviometros-comunitarios","status":"publish","type":"post","link":"https:\/\/prensapresidencialvenezuela.gob.ve\/index.php\/2025\/07\/23\/carabobo-activa-unidades-populares-de-gestion-de-riesgo-con-pluviometros-comunitarios\/","title":{"rendered":"Carabobo activa Unidades Populares de Gesti\u00f3n de Riesgo con pluvi\u00f3metros comunitarios"},"content":{"rendered":"\n<p>El estado Carabobo ha dado un paso innovador en la gesti\u00f3n de riesgos, al activar sus <strong>Unidades Populares de Gesti\u00f3n de Riesgo<\/strong>, una iniciativa que busca fortalecer la prevenci\u00f3n y respuesta ante emergencias, especialmente durante la temporada de lluvias.<\/p>\n\n\n\n<p>La presidenta del Sistema Integrado de Protecci\u00f3n Civil y Bomberos del Estado Carabobo, Bianni Rosendo, encargada de presentar este proyecto del Poder Popular ante el presidente de la Rep\u00fablica Bolivariana de Venezuela, Nicol\u00e1s Maduro, anunci\u00f3 que este m\u00e9todo, pionero en el pa\u00eds, planea replicar su activaci\u00f3n en las <strong>173 comunas de la regi\u00f3n<\/strong>.<\/p>\n\n\n\n<figure class=\"wp-block-image size-large\"><img fetchpriority=\"high\" decoding=\"async\" width=\"1024\" height=\"721\" src=\"https:\/\/prensapresidencialvenezuela.gob.ve\/wp-content\/uploads\/2025\/07\/10EG__7495_P-1024x721.jpg\" alt=\"\" class=\"wp-image-21793\" srcset=\"https:\/\/prensapresidencialvenezuela.gob.ve\/wp-content\/uploads\/2025\/07\/10EG__7495_P-1024x721.jpg 1024w, https:\/\/prensapresidencialvenezuela.gob.ve\/wp-content\/uploads\/2025\/07\/10EG__7495_P-300x211.jpg 300w, https:\/\/prensapresidencialvenezuela.gob.ve\/wp-content\/uploads\/2025\/07\/10EG__7495_P-768x541.jpg 768w, https:\/\/prensapresidencialvenezuela.gob.ve\/wp-content\/uploads\/2025\/07\/10EG__7495_P-1536x1082.jpg 1536w, https:\/\/prensapresidencialvenezuela.gob.ve\/wp-content\/uploads\/2025\/07\/10EG__7495_P-2048x1443.jpg 2048w\" sizes=\"(max-width: 1024px) 100vw, 1024px\" \/><\/figure>\n\n\n\n<p>El Mandatario nacional celebr\u00f3 la iniciativa de Carabobo, destacando la importancia de la organizaci\u00f3n comunitaria frente a las constantes lluvias que han ca\u00eddo en las \u00faltimas semanas en el territorio regional. Adem\u00e1s, explic\u00f3 que <strong>el pluvi\u00f3metro es de f\u00e1cil fabricaci\u00f3n,<\/strong> ya que se puede hacer con una botella.<\/p>\n\n\n\n<p>Dicho instrumento, consiste en un embudo y un tubo de cuatro pulgadas, dise\u00f1ado para ser colocado a la intemperie en un lugar que no impida la ca\u00edda de la lluvia. Su funci\u00f3n principal es permitir que las propias comunidades midan y eval\u00faen de manera permanente la intensidad de las precipitaciones, monitoreando los niveles y as\u00ed determinando el posible riesgo.<\/p>\n\n\n\n<figure class=\"wp-block-image size-large\"><img decoding=\"async\" width=\"1024\" height=\"817\" src=\"https:\/\/prensapresidencialvenezuela.gob.ve\/wp-content\/uploads\/2025\/07\/11EG__7316_P-1024x817.jpg\" alt=\"\" class=\"wp-image-21791\" srcset=\"https:\/\/prensapresidencialvenezuela.gob.ve\/wp-content\/uploads\/2025\/07\/11EG__7316_P-1024x817.jpg 1024w, https:\/\/prensapresidencialvenezuela.gob.ve\/wp-content\/uploads\/2025\/07\/11EG__7316_P-300x239.jpg 300w, https:\/\/prensapresidencialvenezuela.gob.ve\/wp-content\/uploads\/2025\/07\/11EG__7316_P-768x612.jpg 768w, https:\/\/prensapresidencialvenezuela.gob.ve\/wp-content\/uploads\/2025\/07\/11EG__7316_P-1536x1225.jpg 1536w, https:\/\/prensapresidencialvenezuela.gob.ve\/wp-content\/uploads\/2025\/07\/11EG__7316_P-2048x1633.jpg 2048w\" sizes=\"(max-width: 1024px) 100vw, 1024px\" \/><\/figure>\n\n\n\n<p>\u00ab<strong>La misma unidad popular va midiendo y evaluando la posibilidad de riesgo<\/strong>\u00bb, explic\u00f3 Rosendo. Asimismo, destac\u00f3 que la activaci\u00f3n de estas unidades y la implementaci\u00f3n de los pluvi\u00f3metros comunitarios, representan un avance significativo en la estrategia de gesti\u00f3n de riesgos en Venezuela, promoviendo la participaci\u00f3n activa de las comunidades en su propia seguridad.<\/p>\n\n\n\n<figure class=\"wp-block-image size-large\"><img decoding=\"async\" width=\"1024\" height=\"713\" src=\"https:\/\/prensapresidencialvenezuela.gob.ve\/wp-content\/uploads\/2025\/07\/33_ZC__4928_P-1024x713.jpg\" alt=\"\" class=\"wp-image-21792\" srcset=\"https:\/\/prensapresidencialvenezuela.gob.ve\/wp-content\/uploads\/2025\/07\/33_ZC__4928_P-1024x713.jpg 1024w, https:\/\/prensapresidencialvenezuela.gob.ve\/wp-content\/uploads\/2025\/07\/33_ZC__4928_P-300x209.jpg 300w, https:\/\/prensapresidencialvenezuela.gob.ve\/wp-content\/uploads\/2025\/07\/33_ZC__4928_P-768x535.jpg 768w, https:\/\/prensapresidencialvenezuela.gob.ve\/wp-content\/uploads\/2025\/07\/33_ZC__4928_P-1536x1070.jpg 1536w, https:\/\/prensapresidencialvenezuela.gob.ve\/wp-content\/uploads\/2025\/07\/33_ZC__4928_P-2048x1427.jpg 2048w\" sizes=\"(max-width: 1024px) 100vw, 1024px\" \/><\/figure>\n\n\n\n<p><strong>Prensa Presidencial \/ Iliana Rosales<\/strong><\/p>\n","protected":false},"excerpt":{"rendered":"<p>El estado Carabobo ha dado un paso innovador en la gesti\u00f3n de riesgos, al activar sus Unidades Populares de Gesti\u00f3n de Riesgo, una iniciativa que busca fortalecer la prevenci\u00f3n y respuesta ante emergencias, especialmente durante la temporada de lluvias. La presidenta del Sistema Integrado de Protecci\u00f3n Civil y Bomberos del Estado Carabobo, Bianni Rosendo, encargada [&hellip;]<\/p>\n","protected":false},"author":1,"featured_media":21789,"comment_status":"open","ping_status":"open","sticky":false,"template":"","format":"standard","meta":{"footnotes":""},"categories":[18,7],"tags":[584,19,1733],"class_list":["post-21788","post","type-post","status-publish","format-standard","has-post-thumbnail","hentry","category-noticias-principales","category-notas-de-prensa","tag-carabobo","tag-nicolas-maduro","tag-pc"],"_links":{"self":[{"href":"https:\/\/prensapresidencialvenezuela.gob.ve\/index.php\/wp-json\/wp\/v2\/posts\/21788","targetHints":{"allow":["GET"]}}],"collection":[{"href":"https:\/\/prensapresidencialvenezuela.gob.ve\/index.php\/wp-json\/wp\/v2\/posts"}],"about":[{"href":"https:\/\/prensapresidencialvenezuela.gob.ve\/index.php\/wp-json\/wp\/v2\/types\/post"}],"author":[{"embeddable":true,"href":"https:\/\/prensapresidencialvenezuela.gob.ve\/index.php\/wp-json\/wp\/v2\/users\/1"}],"replies":[{"embeddable":true,"href":"https:\/\/prensapresidencialvenezuela.gob.ve\/index.php\/wp-json\/wp\/v2\/comments?post=21788"}],"version-history":[{"count":1,"href":"https:\/\/prensapresidencialvenezuela.gob.ve\/index.php\/wp-json\/wp\/v2\/posts\/21788\/revisions"}],"predecessor-version":[{"id":21794,"href":"https:\/\/prensapresidencialvenezuela.gob.ve\/index.php\/wp-json\/wp\/v2\/posts\/21788\/revisions\/21794"}],"wp:featuredmedia":[{"embeddable":true,"href":"https:\/\/prensapresidencialvenezuela.gob.ve\/index.php\/wp-json\/wp\/v2\/media\/21789"}],"wp:attachment":[{"href":"https:\/\/prensapresidencialvenezuela.gob.ve\/index.php\/wp-json\/wp\/v2\/media?parent=21788"}],"wp:term":[{"taxonomy":"category","embeddable":true,"href":"https:\/\/prensapresidencialvenezuela.gob.ve\/index.php\/wp-json\/wp\/v2\/categories?post=21788"},{"taxonomy":"post_tag","embeddable":true,"href":"https:\/\/prensapresidencialvenezuela.gob.ve\/index.php\/wp-json\/wp\/v2\/tags?post=21788"}],"curies":[{"name":"wp","href":"https:\/\/api.w.org\/{rel}","templated":true}]}}